{"id":790,"date":"2016-07-31T20:51:40","date_gmt":"2016-07-31T20:51:40","guid":{"rendered":"http:\/\/mbniewiadom.depta.org\/?p=790"},"modified":"2016-07-31T20:54:53","modified_gmt":"2016-07-31T20:54:53","slug":"nasi-duszpasterze","status":"publish","type":"post","link":"https:\/\/mbniewiadom.pl\/?p=790","title":{"rendered":"Nasi Duszpasterze"},"content":{"rendered":"<p><img loading=\"lazy\" decoding=\"async\" class=\" wp-image-884 alignleft\" src=\"http:\/\/mbniewiadom.pl\/wp-content\/uploads\/2016\/07\/IMG_5448-e1469993526811-250x375.jpg\" alt=\"IMG_5448\" width=\"192\" height=\"289\" srcset=\"https:\/\/mbniewiadom.pl\/wp-content\/uploads\/2016\/07\/IMG_5448-e1469993526811-250x375.jpg 250w, https:\/\/mbniewiadom.pl\/wp-content\/uploads\/2016\/07\/IMG_5448-e1469993526811.jpg 800w, https:\/\/mbniewiadom.pl\/wp-content\/uploads\/2016\/07\/IMG_5448-e1469993526811-550x825.jpg 550w, https:\/\/mbniewiadom.pl\/wp-content\/uploads\/2016\/07\/IMG_5448-e1469993526811-120x180.jpg 120w, https:\/\/mbniewiadom.pl\/wp-content\/uploads\/2016\/07\/IMG_5448-e1469993526811-200x300.jpg 200w, https:\/\/mbniewiadom.pl\/wp-content\/uploads\/2016\/07\/IMG_5448-e1469993526811-333x500.jpg 333w\" sizes=\"(max-width: 192px) 100vw, 192px\" \/><\/p>\n<p>&nbsp;<\/p>\n<h2>Ks. ANDRZEJ PODOLUK<\/h2>\n<p>Proboszcz od 2012 roku do nadal<\/p>\n<p>&nbsp;<\/p>\n<p>Ksi\u0105dz proboszcz Andrzej Podoluk urodzi\u0142 si\u0119 16 maja 1965 r. w Niemczy. Pochodzi z parafii Naj\u015bwi\u0119tszej Maryi Panny Matki Ko\u015bcio\u0142a w Jastrz\u0119biu Zdroju. Po uko\u0144czeniu Szko\u0142y Podstawowej w Jastrz\u0119biu podj\u0105\u0142 nauk\u0119 w Liceum Samochodowym w Pszczynie, gdzie zda\u0142 egzamin dojrza\u0142o\u015bci i zg\u0142osi\u0142 si\u0119 do Wy\u017cszego \u015al\u0105skiego Seminarium Duchownego w Katowicach. \u015awi\u0119cenia kap\u0142a\u0144skie przyj\u0105\u0142 11 maja 1991 r.<\/p>\n<p>&nbsp;<\/p>\n<p>&nbsp;<\/p>\n<p><!--more--><\/p>\n<div style=\"clear: both;\"><\/div>\n<p>&nbsp;<\/p>\n<p>&nbsp;<\/p>\n<p>Pos\u0142ug\u0119 wikariusza pe\u0142ni\u0142 w parafiach: \u015bw. Barbary w Boguszowicach, Naj\u015bwi\u0119tszego Serca Pana Jezusa w Murckach, Naj\u015bwi\u0119tszego Serca Pana Jezusa w Bykowinie, Matki Boskiej Cz\u0119stochowskiej w Knurowie, \u015bw. Antoniego z Padwy w Rybniku, Wniebowzi\u0119cia Naj\u015bwi\u0119tszej Maryi Panny w Rojcy, Tr\u00f3jcy Przenaj\u015bwi\u0119tszej w Koch\u0142owicach. W mi\u0119dzyczasie pracowa\u0142 w M\u0142odzie\u017cowym O\u015brodku Wychowawczym w Rojcy oraz jako kapelan szpitalny w Murckach.<\/p>\n<p>W roku 2012 ks. abp Wiktor Skworc mianowa\u0142 go administratorem naszej parafii, a rok p\u00f3\u017aniej otrzyma\u0142 nominacj\u0119 proboszcza.<\/p>\n<p>&nbsp;<\/p>\n<p>&nbsp;<\/p>\n<p><img loading=\"lazy\" decoding=\"async\" class=\" wp-image-744 alignleft\" src=\"http:\/\/mbniewiadom.pl\/wp-content\/uploads\/2016\/07\/ksgrzegorz1.jpg\" alt=\"ksgrzegorz1\" width=\"182\" height=\"246\" srcset=\"https:\/\/mbniewiadom.pl\/wp-content\/uploads\/2016\/07\/ksgrzegorz1.jpg 166w, https:\/\/mbniewiadom.pl\/wp-content\/uploads\/2016\/07\/ksgrzegorz1-133x180.jpg 133w\" sizes=\"(max-width: 182px) 100vw, 182px\" \/><\/p>\n<p>&nbsp;<\/p>\n<h2>Ks. GRZEGORZ LECH<\/h2>\n<p>Proboszcz w latach 2007-2012<\/p>\n<p>&nbsp;<\/p>\n<p>Ksi\u0105dz proboszcz Grzegorz Lech urodzi\u0142 si\u0119 15 marca 1963 r. w Katowicach. Pochodzi z parafii Wniebowzi\u0119cia Naj\u015bwi\u0119tszej Maryi Panny w Katowicach. Po maturze wst\u0105pi\u0142 do Wy\u017cszego \u015al\u0105skiego Seminarium Duchownego. \u015awi\u0119cenia kap\u0142a\u0144skie przyj\u0105\u0142 14 maja 1988 r. z r\u0105k ks. abpa Damiana Zimonia.<\/p>\n<p>&nbsp;<\/p>\n<p>&nbsp;<\/p>\n<p>&nbsp;<\/p>\n<p>Jako wikariusz pos\u0142ugiwa\u0142 w parafiach najpierw \u015bw. Marii Magdaleny w Tychach, potem Naj\u015bwi\u0119tszej Maryi Panny Matki Ko\u015bcio\u0142a w Rogo\u017anej. W tym czasie w \u017borach pracowa\u0142 r\u00f3wnie\u017c jako katecheta. Ze wzgl\u0119du na stan zdrowia kolejne dwa lata sp\u0119dzi\u0142 w Diecezji Koszali\u0144sko-Ko\u0142obrzeskiej, a dok\u0142adnie w nadmorskiej Parafii Naj\u015bwi\u0119tszego Zbawiciela w Ustce. W tym czasie by\u0142 r\u00f3wnie\u017c spo\u0142ecznym kapelanem miejscowego zak\u0142adu karnego o charakterze p\u00f3\u0142otwartym. W 1998 r. wr\u00f3ci\u0142 do Diecezji Katowickiej i dalsz\u0105 pos\u0142ug\u0119 pe\u0142ni\u0142 w Jastrz\u0119biu Zdroju, najpierw w Parafii Matki Boskiej Cz\u0119stochowskiej, potem w Parafii \u015bw. Katarzyny.<\/p>\n<p>29 lipca 2007 r. zosta\u0142 mianowany administratorem naszej parafii, a rok p\u00f3\u017aniej otrzyma\u0142 nominacj\u0119 proboszcza. W naszej wsp\u00f3lnocie pracowa\u0142 przez pi\u0119\u0107 lat.<\/p>\n<p>W lipcu 2012 r. rozpocz\u0105\u0142 si\u0119 kolejny rozdzia\u0142 na jego kap\u0142a\u0144skiej drodze &#8211; dekretem ks. abpa Wiktora Skworca zosta\u0142 mianowany proboszczem Parafii \u015awi\u0119tego Micha\u0142a Archanio\u0142a w Ornontowicach.<\/p>\n<p>&nbsp;<\/p>\n<p>&nbsp;<\/p>\n<h2><img loading=\"lazy\" decoding=\"async\" class=\" wp-image-716 alignleft\" src=\"http:\/\/mbniewiadom.pl\/wp-content\/uploads\/2016\/07\/49-250x375.jpg\" alt=\"49\" width=\"184\" height=\"276\" srcset=\"https:\/\/mbniewiadom.pl\/wp-content\/uploads\/2016\/07\/49-250x375.jpg 250w, https:\/\/mbniewiadom.pl\/wp-content\/uploads\/2016\/07\/49.jpg 800w, https:\/\/mbniewiadom.pl\/wp-content\/uploads\/2016\/07\/49-550x825.jpg 550w, https:\/\/mbniewiadom.pl\/wp-content\/uploads\/2016\/07\/49-120x180.jpg 120w, https:\/\/mbniewiadom.pl\/wp-content\/uploads\/2016\/07\/49-200x300.jpg 200w, https:\/\/mbniewiadom.pl\/wp-content\/uploads\/2016\/07\/49-333x500.jpg 333w\" sizes=\"(max-width: 184px) 100vw, 184px\" \/><\/h2>\n<p>&nbsp;<\/p>\n<h2>ks. STANIS\u0141AW KO\u0141ODZIEJ<\/h2>\n<p>Proboszcz w latach 2003 &#8211; 2007<\/p>\n<p>&nbsp;<\/p>\n<p>Ksi\u0105dz dziekan Stanis\u0142aw Ko\u0142odziej urodzi\u0142 si\u0119 28 kwietnia 1960 r. w Miko\u0142owie. Przez pierwsze kilkana\u015bcie lat mieszka\u0142 z rodzicami w \u0141aziskach G\u00f3rnych. Po uko\u0144czeniu szko\u0142y podstawowej ucz\u0119szcza\u0142 do Liceum Og\u00f3lnokszta\u0142c\u0105cego im. Karola Miarki w Miko\u0142owie. Po zdanej maturze studiowa\u0142 w Wy\u017cszym \u015al\u0105skim Seminarium Duchownym, najpierw w Krakowie, potem w Katowicach. \u015awi\u0119cenia kap\u0142a\u0144skie przyj\u0105\u0142 31 stycznia 1987 r. z r\u0105k ks. abpa Damiana Zimonia.<\/p>\n<p>&nbsp;<\/p>\n<p>&nbsp;<\/p>\n<p>&nbsp;<\/p>\n<p>Jako wikariusz pracowa\u0142 w parafiach w Rudzie \u015al\u0105skiej w Wirku, w Katowicach We\u0142nowcu, potem w Rybniku w Parafii \u015bw. Jadwigi \u015al\u0105skiej na Nowinach oraz w Parafii \u015bw. Teresy od Dzieci\u0105tka Jezus w Chwa\u0142owicach. Pe\u0142ni\u0142 r\u00f3wnie\u017c funkcj\u0119 kapelana w Wojew\u00f3dzkim Szpitalu Specjalistycznym w Rybniku, opiekowa\u0142 si\u0119 rybnickimi harcerzami, przez wiele lat by\u0142 katechet\u0105 w Liceum Og\u00f3lnokszta\u0142c\u0105cym im. Powsta\u0144c\u00f3w \u015al\u0105skich w Rybniku, a p\u00f3\u017aniej w Spo\u0142ecznym Gimnazjum.<\/p>\n<p>W roku 2003 ks. abp Damian Zimo\u0144 mianowa\u0142 go proboszczem naszej parafii, w kt\u00f3rej pos\u0142ugiwa\u0142 do lipca 2007 r. Nast\u0119pnie dekretem \u00f3wczesnego metropolity katowickiego zosta\u0142 mianowany proboszczem s\u0105siedniej parafii Naj\u015bwi\u0119tszego Serca Pana Jezusa w Niedobczycach, kt\u00f3r\u0105 obj\u0105\u0142 29 lipca 2007 r.<\/p>\n<p>&nbsp;<\/p>\n<p>&nbsp;<\/p>\n<p><img loading=\"lazy\" decoding=\"async\" class=\"wp-image-636 alignleft\" src=\"http:\/\/mbniewiadom.pl\/wp-content\/uploads\/2016\/07\/m_news_66.jpg\" alt=\"m_news_66\" width=\"208\" height=\"208\" srcset=\"https:\/\/mbniewiadom.pl\/wp-content\/uploads\/2016\/07\/m_news_66.jpg 150w, https:\/\/mbniewiadom.pl\/wp-content\/uploads\/2016\/07\/m_news_66-48x48.jpg 48w\" sizes=\"(max-width: 208px) 100vw, 208px\" \/><\/p>\n<h2><\/h2>\n<h2>ks. FRANCISZEK OTREMBA<\/h2>\n<p>Rektor i proboszcz w latach 1984-2003<\/p>\n<p>&nbsp;<\/p>\n<p>Ksi\u0105dz proboszcz Franciszek Otremba urodzi\u0142 si\u0119 17 kwietnia 1938 r. w Be\u0142ku. Po okupacji rodzice wraz z jego bra\u0107mi przeprowadzili si\u0119 do \u017bor, gdzie ks. Franciszek przyj\u0105\u0142 I Komuni\u0119 \u015awi\u0119t\u0105, a p\u00f3\u017aniej sakrament bierzmowania. Po zdaniu egzaminu dojrza\u0142o\u015bci w 1955 r. wst\u0105pi\u0142 do \u015al\u0105skiego Seminarium Duchownego w Krakowie. \u015awi\u0119cenia prezbiteratu \u00a0otrzyma\u0142 25 czerwca 1961 r. w Katowicach z r\u0105k ks. bpa Herberta Bednorza.<\/p>\n<p>&nbsp;<\/p>\n<p>Po \u015bwi\u0119ceniach rozpocz\u0105\u0142 zast\u0119pstwo wakacyjne w Stanowicach (gdzie par\u0119 lat wcze\u015bniej zamieszkali jego rodzice) i \u017borach Roju. By\u0142 wikariuszem a\u017c w czterech parafiach pod wezwaniem Naj\u015bwi\u0119tszego Serca Pana Jezusa: w Boguszowicach, Jastrz\u0119biu Zdroju, Chorzowie &#8211; Batorym i Niedobczycach. Ponadto pracowa\u0142 w parafiach Wniebowzi\u0119cia Naj\u015bwi\u0119tszej Maryi Panny w Wodzis\u0142awiu \u015al\u0105skim, \u015bw. Stanis\u0142awa Kostki w Katowicach &#8211; Giszowcu i \u015bw. J\u00f3zefa w Piekarach \u015al\u0105skich.<\/p>\n<p>W mi\u0119dzyczasie by\u0142 zaanga\u017cowany w diecezjalnym duszpasterstwie akademickim. Przez kr\u00f3tki okres czasu przebywa\u0142 tak\u017ce u Kamedu\u0142\u00f3w w podkarpackich Bielanach oraz w nowicjacie Benedyktyn\u00f3w w Lubiniu.<\/p>\n<p>Od wrze\u015bnia 1984 r. pracowa\u0142 w naszej parafii, najpierw jako rektor, a nast\u0119pnie ju\u017c jako proboszcz. W tym okresie by\u0142 cz\u0142onkiem Rady Duszpasterskiej Diecezji Katowickiej, za\u015b kap\u0142ani dekanat\u00f3w &#8211; najpierw Rybnik Centrum, potem Niedobczyce &#8211; wybrali go na swojego ojca duchownego. W Niewiadomiu pracowa\u0142 do przej\u015bcia na emerytur\u0119 w 2003 r. Ostatnie jedena\u015bcie lat \u017cycia sp\u0119dzi\u0142 u Ojc\u00f3w Werbist\u00f3w w Rybniku, gdzie pe\u0142ni\u0142 pos\u0142ug\u0119 spowiednika.<\/p>\n<p>Ks. proboszcz Franciszek Otremba zmar\u0142 29 maja 2014 r. zmierzaj\u0105c do ko\u015bcio\u0142a, z r\u00f3\u017ca\u0144cem w r\u0119ku&#8230; Spocz\u0105\u0142 na cmentarzu parafialnym w Niedobczycach.<\/p>\n<p>&nbsp;<\/p>\n<p>&nbsp;<\/p>\n<p><img loading=\"lazy\" decoding=\"async\" class=\"wp-image-901 alignleft\" src=\"http:\/\/mbniewiadom.pl\/wp-content\/uploads\/2016\/07\/22-250x360.jpg\" alt=\"22\" width=\"222\" height=\"319\" srcset=\"https:\/\/mbniewiadom.pl\/wp-content\/uploads\/2016\/07\/22-250x360.jpg 250w, https:\/\/mbniewiadom.pl\/wp-content\/uploads\/2016\/07\/22.jpg 834w, https:\/\/mbniewiadom.pl\/wp-content\/uploads\/2016\/07\/22-550x791.jpg 550w, https:\/\/mbniewiadom.pl\/wp-content\/uploads\/2016\/07\/22-800x1151.jpg 800w, https:\/\/mbniewiadom.pl\/wp-content\/uploads\/2016\/07\/22-125x180.jpg 125w, https:\/\/mbniewiadom.pl\/wp-content\/uploads\/2016\/07\/22-209x300.jpg 209w, https:\/\/mbniewiadom.pl\/wp-content\/uploads\/2016\/07\/22-348x500.jpg 348w\" sizes=\"(max-width: 222px) 100vw, 222px\" \/><\/p>\n<p>&nbsp;<\/p>\n<h2>Ks. pra\u0142at HUBERT WIECZORKE<\/h2>\n<p>Budowniczy ko\u015bcio\u0142a<\/p>\n<p>&nbsp;<\/p>\n<p>Ksi\u0105dz pra\u0142at Hubert Wieczorke urodzi\u0142 si\u0119 23 pa\u017adziernika 1940 r. w Wilczy. Po uko\u0144czeniu \u015al\u0105skiego Seminarium Duchownego w Krakowie przyj\u0105\u0142 w dniu 6 czerwca 1965 r. \u015bwi\u0119cenia kap\u0142a\u0144skie z r\u0105k ks. bpa Herberta Bednorza.<\/p>\n<p>&nbsp;<\/p>\n<p>&nbsp;<\/p>\n<p>Prac\u0119 duszpastersk\u0105 rozpocz\u0105\u0142 na zast\u0119pstwie wakacyjnym w Szczyg\u0142owicach i w rodzinnej parafii w Wilczy. Nast\u0119pnie by\u0142 wikariuszem w parafiach: Narodzenia \u015bw. Jana Chrzciciela w Bojszowach, Wniebowzi\u0119cia Naj\u015bwi\u0119tszej Maryi Panny w Miasteczku \u015al\u0105skim, \u015bw. Miko\u0142aja w Lubli\u0144cu i \u015bw. Micha\u0142a Archanio\u0142a w Krzy\u017cowicach. P\u00f3\u017aniej zosta\u0142 skierowany jako wikariusz substytut do parafii Naj\u015bwi\u0119tszego Serca Pana Jezusa w Chorzowie Batorym, a potem wr\u00f3ci\u0142 do Bojsz\u00f3w jako wikariusz adiutor. W latach 1980 &#8211; 2007 przewodniczy\u0142 wiernym Parafii Naj\u015bwi\u0119tszego Serca Pana Jezusa w Niedobczycach. To w tym okresie, mimo trudnych warunk\u00f3w politycznych, podj\u0105\u0142 si\u0119 budowy punktu katechetycznego w Niewiadomiu &#8211; naszego dzisiejszego ko\u015bcio\u0142a.<\/p>\n<p style=\"text-align: right;\">opr. Anna \u0141atka<\/p>\n","protected":false},"excerpt":{"rendered":"<p>&nbsp; Ks. ANDRZEJ PODOLUK Proboszcz od 2012 roku do nadal &nbsp; Ksi\u0105dz proboszcz Andrzej Podoluk urodzi\u0142 si\u0119 16 maja 1965 r. w Niemczy. Pochodzi z parafii Naj\u015bwi\u0119tszej Maryi Panny Matki Ko\u015bcio\u0142a w Jastrz\u0119biu Zdroju. Po uko\u0144czeniu Szko\u0142y Podstawowej w Jastrz\u0119biu podj\u0105\u0142 nauk\u0119 w Liceum Samochodowym w Pszczynie, gdzie zda\u0142 egzamin dojrza\u0142o\u015bci i zg\u0142osi\u0142 si\u0119 do [&hellip;]<\/p>\n","protected":false},"author":2,"featured_media":0,"comment_status":"closed","ping_status":"open","sticky":false,"template":"","format":"standard","meta":{"footnotes":""},"categories":[8],"tags":[],"_links":{"self":[{"href":"https:\/\/mbniewiadom.pl\/index.php?rest_route=\/wp\/v2\/posts\/790"}],"collection":[{"href":"https:\/\/mbniewiadom.pl\/index.php?rest_route=\/wp\/v2\/posts"}],"about":[{"href":"https:\/\/mbniewiadom.pl\/index.php?rest_route=\/wp\/v2\/types\/post"}],"author":[{"embeddable":true,"href":"https:\/\/mbniewiadom.pl\/index.php?rest_route=\/wp\/v2\/users\/2"}],"replies":[{"embeddable":true,"href":"https:\/\/mbniewiadom.pl\/index.php?rest_route=%2Fwp%2Fv2%2Fcomments&post=790"}],"version-history":[{"count":20,"href":"https:\/\/mbniewiadom.pl\/index.php?rest_route=\/wp\/v2\/posts\/790\/revisions"}],"predecessor-version":[{"id":905,"href":"https:\/\/mbniewiadom.pl\/index.php?rest_route=\/wp\/v2\/posts\/790\/revisions\/905"}],"wp:attachment":[{"href":"https:\/\/mbniewiadom.pl\/index.php?rest_route=%2Fwp%2Fv2%2Fmedia&parent=790"}],"wp:term":[{"taxonomy":"category","embeddable":true,"href":"https:\/\/mbniewiadom.pl\/index.php?rest_route=%2Fwp%2Fv2%2Fcategories&post=790"},{"taxonomy":"post_tag","embeddable":true,"href":"https:\/\/mbniewiadom.pl\/index.php?rest_route=%2Fwp%2Fv2%2Ftags&post=790"}],"curies":[{"name":"wp","href":"https:\/\/api.w.org\/{rel}","templated":true}]}}