{"id":661,"date":"2016-07-20T11:30:54","date_gmt":"2016-07-20T11:30:54","guid":{"rendered":"http:\/\/mbniewiadom.depta.org\/?p=661"},"modified":"2016-07-27T16:21:25","modified_gmt":"2016-07-27T16:21:25","slug":"najwazniejsze-wydarzenia-z-zycia-parafii","status":"publish","type":"post","link":"https:\/\/mbniewiadom.pl\/?p=661","title":{"rendered":"Najwa\u017cniejsze wydarzenia z \u017cycia parafii"},"content":{"rendered":"<p><img loading=\"lazy\" decoding=\"async\" class=\"size-wcsmall wp-image-721 alignleft\" src=\"http:\/\/mbniewiadom.depta.org\/wp-content\/uploads\/2016\/07\/IMG_1235-250x167.jpg\" alt=\"IMG_1235\" width=\"250\" height=\"167\" srcset=\"https:\/\/mbniewiadom.pl\/wp-content\/uploads\/2016\/07\/IMG_1235-250x167.jpg 250w, https:\/\/mbniewiadom.pl\/wp-content\/uploads\/2016\/07\/IMG_1235.jpg 1200w, https:\/\/mbniewiadom.pl\/wp-content\/uploads\/2016\/07\/IMG_1235-550x367.jpg 550w, https:\/\/mbniewiadom.pl\/wp-content\/uploads\/2016\/07\/IMG_1235-800x533.jpg 800w, https:\/\/mbniewiadom.pl\/wp-content\/uploads\/2016\/07\/IMG_1235-270x180.jpg 270w, https:\/\/mbniewiadom.pl\/wp-content\/uploads\/2016\/07\/IMG_1235-450x300.jpg 450w, https:\/\/mbniewiadom.pl\/wp-content\/uploads\/2016\/07\/IMG_1235-750x500.jpg 750w\" sizes=\"(max-width: 250px) 100vw, 250px\" \/><\/p>\n<p>&nbsp;<\/p>\n<p>Nie spos\u00f3b przywo\u0142a\u0107 wszystkich wydarze\u0144, kt\u00f3re mia\u0142y miejsce w okresie 30 lat. Wybrali\u015bmy zatem najwa\u017cniejsze, zar\u00f3wno dotycz\u0105ce prac budowlanych i remontowych w naszej \u015bwi\u0105tyni, jak i \u017cycia religijnego i spo\u0142ecznego.<\/p>\n<p>&nbsp;<\/p>\n<p>&nbsp;<\/p>\n<p><!--more--><\/p>\n<p>&nbsp;<\/p>\n<p style=\"text-align: center;\"><strong>Z Kroniki Parafialnej&#8230;<\/strong><\/p>\n<p><strong>maj &#8211; grudzie\u0144 1986 r<\/strong>. &#8211; wybetonowano chodniki wok\u00f3\u0142 ko\u015bcio\u0142a, a w samej \u015bwi\u0105tyni za\u0142o\u017cono drewniany sufit<\/p>\n<p>&nbsp;<\/p>\n<p><strong>kwiecie\u0144 &#8211; maj 1986 r<\/strong>. &#8211; powo\u0142ano pierwsz\u0105 Parafialn\u0105 Rad\u0119 Duszpastersk\u0105. Cz\u0142onkowie Rady zostali wy\u0142onieni w wyborach &#8211; ka\u017cd\u0105 ulic\u0119 reprezentowa\u0142 jeden przedstawiciel. Jej sk\u0142ad b\u0119dzie si\u0119 zmienia\u0142 na przestrzeni lat. Warta podkre\u015blenia jest inicjatywa ks. Franciszka Otremby, kt\u00f3ry w latach \u00a090-tych w sk\u0142ad Rady w\u0142\u0105czy r\u00f3wnie\u017c przedstawicieli m\u0142odzie\u017cy<\/p>\n<p>&nbsp;<\/p>\n<p><strong>27 wrze\u015bnia 1987 r<\/strong>. &#8211; pierwsza wizytacja kanoniczna. Parafie odwiedzi\u0142 w\u00f3wczas ks. bp Czes\u0142aw Domin. Po jego liturgicznym wprowadzeniu do ko\u015bcio\u0142a, ks. biskup udzieli\u0142 naszej m\u0142odzie\u017cy sakramentu bierzmowania. W tym dniu odwiedzi\u0142 r\u00f3wnie\u017c chorych oraz pob\u0142ogos\u0142awi\u0142 m\u0142ode ma\u0142\u017ce\u0144stwa i ich dzieci. Kolejne wizytacje kanoniczne w naszej parafii:<\/p>\n<p><img loading=\"lazy\" decoding=\"async\" class=\"wp-image-668 alignleft\" src=\"http:\/\/mbniewiadom.depta.org\/wp-content\/uploads\/2016\/07\/104-250x354.jpg\" alt=\"104\" width=\"118\" height=\"167\" srcset=\"https:\/\/mbniewiadom.pl\/wp-content\/uploads\/2016\/07\/104-250x354.jpg 250w, https:\/\/mbniewiadom.pl\/wp-content\/uploads\/2016\/07\/104.jpg 848w, https:\/\/mbniewiadom.pl\/wp-content\/uploads\/2016\/07\/104-550x778.jpg 550w, https:\/\/mbniewiadom.pl\/wp-content\/uploads\/2016\/07\/104-800x1132.jpg 800w, https:\/\/mbniewiadom.pl\/wp-content\/uploads\/2016\/07\/104-127x180.jpg 127w, https:\/\/mbniewiadom.pl\/wp-content\/uploads\/2016\/07\/104-212x300.jpg 212w, https:\/\/mbniewiadom.pl\/wp-content\/uploads\/2016\/07\/104-353x500.jpg 353w\" sizes=\"(max-width: 118px) 100vw, 118px\" \/><img loading=\"lazy\" decoding=\"async\" class=\"wp-image-669 alignleft\" src=\"http:\/\/mbniewiadom.depta.org\/wp-content\/uploads\/2016\/07\/142-250x358.jpg\" alt=\"142\" width=\"117\" height=\"168\" srcset=\"https:\/\/mbniewiadom.pl\/wp-content\/uploads\/2016\/07\/142-250x358.jpg 250w, https:\/\/mbniewiadom.pl\/wp-content\/uploads\/2016\/07\/142.jpg 837w, https:\/\/mbniewiadom.pl\/wp-content\/uploads\/2016\/07\/142-550x789.jpg 550w, https:\/\/mbniewiadom.pl\/wp-content\/uploads\/2016\/07\/142-800x1147.jpg 800w, https:\/\/mbniewiadom.pl\/wp-content\/uploads\/2016\/07\/142-126x180.jpg 126w, https:\/\/mbniewiadom.pl\/wp-content\/uploads\/2016\/07\/142-209x300.jpg 209w, https:\/\/mbniewiadom.pl\/wp-content\/uploads\/2016\/07\/142-349x500.jpg 349w\" sizes=\"(max-width: 117px) 100vw, 117px\" \/><\/p>\n<p>&nbsp;<\/p>\n<p>9-10 pa\u017adziernika 1992 &#8211; wizytuj\u0105cy: ks. abp Damian Zimo\u0144<\/p>\n<p>15-16 marca 1998 &#8211; wizytuj\u0105cy: ks. bp Gerard Bernacki<\/p>\n<p>27-28 lutego 2004 &#8211; wizytuj\u0105cy: ks. bp Stefan Cichy<\/p>\n<p>21-22 marca 2009 &#8211; wizytuj\u0105cy: ks. abp Damian Zimo\u0144<\/p>\n<p>&nbsp;<\/p>\n<p>&nbsp;<\/p>\n<p>&nbsp;<\/p>\n<p><strong>28 listopada 1987<\/strong> &#8211; rozpocz\u0119cie peregrynacji ma\u0142ej kopii Obrazu Jasnog\u00f3rskiego. Kopia Obrazu w\u0119drowa\u0142a przez kilka miesi\u0119cy od domu do domu, zatrzymuj\u0105c si\u0119 w ka\u017cdej rodzinie na jeden dzie\u0144. By\u0142a to wyj\u0105tkowa okazja do wsp\u00f3lnej rodzinnej modlitwy<\/p>\n<p>&nbsp;<\/p>\n<p><strong><img loading=\"lazy\" decoding=\"async\" class=\" wp-image-676 alignright\" src=\"http:\/\/mbniewiadom.depta.org\/wp-content\/uploads\/2016\/07\/42-250x148.jpg\" alt=\"42\" width=\"354\" height=\"210\" srcset=\"https:\/\/mbniewiadom.pl\/wp-content\/uploads\/2016\/07\/42-250x148.jpg 250w, https:\/\/mbniewiadom.pl\/wp-content\/uploads\/2016\/07\/42-550x325.jpg 550w, https:\/\/mbniewiadom.pl\/wp-content\/uploads\/2016\/07\/42-800x472.jpg 800w, https:\/\/mbniewiadom.pl\/wp-content\/uploads\/2016\/07\/42-305x180.jpg 305w, https:\/\/mbniewiadom.pl\/wp-content\/uploads\/2016\/07\/42-508x300.jpg 508w, https:\/\/mbniewiadom.pl\/wp-content\/uploads\/2016\/07\/42-847x500.jpg 847w, https:\/\/mbniewiadom.pl\/wp-content\/uploads\/2016\/07\/42.jpg 1016w\" sizes=\"(max-width: 354px) 100vw, 354px\" \/><\/strong><\/p>\n<p>&nbsp;<\/p>\n<p>&nbsp;<\/p>\n<p><strong>2 czerwca 1988<\/strong> &#8211; po raz pierwszy procesja Bo\u017cego Cia\u0142a przesz\u0142a ulicami naszej parafii: Zygmunta Starego, \u017bymierskiego (dzisiejsza Grota Roweckiego), Letni\u0105 i Kazimierza Wielkiego. Wcze\u015bniej, w latach 1985-1987, procesje Bo\u017cego Cia\u0142a odbywa\u0142y si\u0119 wok\u00f3\u0142 ko\u015bcio\u0142a.<\/p>\n<p>&nbsp;<\/p>\n<p>&nbsp;<\/p>\n<p><img loading=\"lazy\" decoding=\"async\" class=\" wp-image-679 alignleft\" src=\"http:\/\/mbniewiadom.depta.org\/wp-content\/uploads\/2016\/07\/101-250x165.jpg\" alt=\"101\" width=\"375\" height=\"247\" srcset=\"https:\/\/mbniewiadom.pl\/wp-content\/uploads\/2016\/07\/101-250x165.jpg 250w, https:\/\/mbniewiadom.pl\/wp-content\/uploads\/2016\/07\/101-550x364.jpg 550w, https:\/\/mbniewiadom.pl\/wp-content\/uploads\/2016\/07\/101-800x529.jpg 800w, https:\/\/mbniewiadom.pl\/wp-content\/uploads\/2016\/07\/101-272x180.jpg 272w, https:\/\/mbniewiadom.pl\/wp-content\/uploads\/2016\/07\/101-453x300.jpg 453w, https:\/\/mbniewiadom.pl\/wp-content\/uploads\/2016\/07\/101-756x500.jpg 756w, https:\/\/mbniewiadom.pl\/wp-content\/uploads\/2016\/07\/101.jpg 937w\" sizes=\"(max-width: 375px) 100vw, 375px\" \/><\/p>\n<p>&nbsp;<\/p>\n<p>&nbsp;<\/p>\n<p><strong>18 czerwca 1988<\/strong> &#8211; Msza \u015bw. prymicyjna ks. Bogus\u0142awa Kudli. Specjalnie na t\u0119 okazj\u0119 ozdobiono zielonymi wie\u0144cami wej\u015bcie do ko\u015bcio\u0142a oraz krzy\u017c misyjny. Godny odnotowania jest liczny udzia\u0142 parafian w tej uroczysto\u015bci. Kilka dni p\u00f3\u017aniej ksi\u0105dz neoprezbiter odwiedzi\u0142 z Komuni\u0105 \u015awi\u0119t\u0105 chorych i os\u0142abionych wiekiem parafian.<\/p>\n<p>&nbsp;<\/p>\n<p>&nbsp;<\/p>\n<p>&nbsp;<\/p>\n<p><strong><img loading=\"lazy\" decoding=\"async\" class=\" wp-image-682 alignright\" src=\"http:\/\/mbniewiadom.depta.org\/wp-content\/uploads\/2016\/07\/44-250x174.jpg\" alt=\"44\" width=\"393\" height=\"274\" srcset=\"https:\/\/mbniewiadom.pl\/wp-content\/uploads\/2016\/07\/44-250x174.jpg 250w, https:\/\/mbniewiadom.pl\/wp-content\/uploads\/2016\/07\/44.jpg 1200w, https:\/\/mbniewiadom.pl\/wp-content\/uploads\/2016\/07\/44-550x384.jpg 550w, https:\/\/mbniewiadom.pl\/wp-content\/uploads\/2016\/07\/44-800x558.jpg 800w, https:\/\/mbniewiadom.pl\/wp-content\/uploads\/2016\/07\/44-258x180.jpg 258w, https:\/\/mbniewiadom.pl\/wp-content\/uploads\/2016\/07\/44-430x300.jpg 430w, https:\/\/mbniewiadom.pl\/wp-content\/uploads\/2016\/07\/44-717x500.jpg 717w\" sizes=\"(max-width: 393px) 100vw, 393px\" \/><\/strong><\/p>\n<p>&nbsp;<\/p>\n<p>&nbsp;<\/p>\n<p><strong>1989<\/strong> \u00a0&#8211; przebudowano wej\u015bcie g\u0142\u00f3wne do ko\u015bcio\u0142a &#8211; odt\u0105d dost\u0119p do ch\u00f3ru jest mo\u017cliwy wy\u0142\u0105cznie schodami mieszcz\u0105cymi si\u0119 z ty\u0142u ko\u015bcio\u0142a<\/p>\n<p>&nbsp;<\/p>\n<p><strong>1990<\/strong> &#8211; ko\u015bci\u00f3\u0142 zosta\u0142 otynkowany. Po pracach tynkarskich odmalowano wszystkie okna w budynku<\/p>\n<p>&nbsp;<\/p>\n<p>&nbsp;<\/p>\n<p>&nbsp;<\/p>\n<p><strong><img loading=\"lazy\" decoding=\"async\" class=\" wp-image-685 alignleft\" src=\"http:\/\/mbniewiadom.depta.org\/wp-content\/uploads\/2016\/07\/147-250x180.jpg\" alt=\"147\" width=\"382\" height=\"275\" srcset=\"https:\/\/mbniewiadom.pl\/wp-content\/uploads\/2016\/07\/147-250x180.jpg 250w, https:\/\/mbniewiadom.pl\/wp-content\/uploads\/2016\/07\/147.jpg 1200w, https:\/\/mbniewiadom.pl\/wp-content\/uploads\/2016\/07\/147-550x396.jpg 550w, https:\/\/mbniewiadom.pl\/wp-content\/uploads\/2016\/07\/147-800x576.jpg 800w, https:\/\/mbniewiadom.pl\/wp-content\/uploads\/2016\/07\/147-417x300.jpg 417w, https:\/\/mbniewiadom.pl\/wp-content\/uploads\/2016\/07\/147-694x500.jpg 694w, https:\/\/mbniewiadom.pl\/wp-content\/uploads\/2016\/07\/147-210x150.jpg 210w\" sizes=\"(max-width: 382px) 100vw, 382px\" \/><\/strong><\/p>\n<p>&nbsp;<\/p>\n<p>&nbsp;<\/p>\n<p>&nbsp;<\/p>\n<p><strong>5 wrze\u015bnia 1994<\/strong> &#8211; uroczysto\u015b\u0107 z okazji 10-lecia po\u015bwi\u0119cenia naszego ko\u015bcio\u0142a. Podczas Mszy \u015awi\u0119tej Pontyfikalnej odprawionej o godz. 17:00 ks. abp Damian Zimo\u0144 dokona\u0142 konsekracji naszej \u015bwi\u0105tyni i o\u0142tarza. To jeden z najwa\u017cniejszych moment\u00f3w w historii naszego ko\u015bcio\u0142a.<\/p>\n<p>&nbsp;<\/p>\n<p>&nbsp;<\/p>\n<p>&nbsp;<\/p>\n<p>&nbsp;<\/p>\n<p>&nbsp;<\/p>\n<p><strong>9 wrze\u015bnia 1995<\/strong> &#8211; zamontowana zosta\u0142a nowa rama do obrazu Jezusa Mi\u0142osiernego. Rama zosta\u0142a wykonana z ceramiki a jej poszczeg\u00f3lne elementy nawi\u0105zuj\u0105 do scen z Ewangelii m\u00f3wi\u0105cych o Bo\u017cym Mi\u0142osierdziu.<\/p>\n<p>&nbsp;<\/p>\n<p><strong>16 pa\u017adziernika 1996<\/strong> &#8211; po\u015bwi\u0119cenie groty Matki Bo\u017cej z Lourdes. Grota zosta\u0142a wybudowana jako wyraz wdzi\u0119czno\u015bci parafian za dar pontyfikatu Jana Paw\u0142a II. Zgodnie z za\u0142o\u017ceniami, w okresie letnim, w ka\u017cd\u0105 niedziel\u0119 przy grocie mia\u0142a by\u0107 sprawowana jedna Msza \u015bw. Niestety taka tradycja si\u0119 nie narodzi\u0142a i Msze \u015bw. oraz nabo\u017ce\u0144stwa sprawowane by\u0142y w tym miejscu jedynie sporadycznie<\/p>\n<p>&nbsp;<\/p>\n<p><strong>13 lipca 1997<\/strong> &#8211; zbi\u00f3rka ofiar pieni\u0119\u017cnych i dar\u00f3w materialnych dla powodzian. Parafianie nie zawiedli &#8211; w tym dniu zebrano rekordow\u0105 kolekt\u0119: 3 240 z\u0142<\/p>\n<p>&nbsp;<\/p>\n<p><strong><img loading=\"lazy\" decoding=\"async\" class=\" wp-image-692 alignleft\" src=\"http:\/\/mbniewiadom.depta.org\/wp-content\/uploads\/2016\/07\/07-250x150.jpg\" alt=\"07\" width=\"380\" height=\"228\" srcset=\"https:\/\/mbniewiadom.pl\/wp-content\/uploads\/2016\/07\/07-250x150.jpg 250w, https:\/\/mbniewiadom.pl\/wp-content\/uploads\/2016\/07\/07-550x331.jpg 550w, https:\/\/mbniewiadom.pl\/wp-content\/uploads\/2016\/07\/07-299x180.jpg 299w, https:\/\/mbniewiadom.pl\/wp-content\/uploads\/2016\/07\/07-499x300.jpg 499w, https:\/\/mbniewiadom.pl\/wp-content\/uploads\/2016\/07\/07.jpg 587w\" sizes=\"(max-width: 380px) 100vw, 380px\" \/><\/strong><\/p>\n<p>&nbsp;<\/p>\n<p>&nbsp;<\/p>\n<p><strong>4-5 wrze\u015bnia 1997<\/strong> &#8211; wizyta cudownej kopii Obrazu Jasnog\u00f3rskiego. By\u0142o to szczeg\u00f3lne wydarzenie w \u017cyciu naszej wsp\u00f3lnoty. Parafi\u0119 zaszczyci\u0142 sw\u0105 obecno\u015bci\u0105 ks. bp Piotr Libera. Z pe\u0142nym dzisiaj uznaniem patrzymy na liczb\u0119 parafian, kt\u00f3rzy wzi\u0119li udzia\u0142 w uroczysto\u015bciach.<\/p>\n<p>&nbsp;<\/p>\n<p>&nbsp;<\/p>\n<p>&nbsp;<\/p>\n<p>&nbsp;<\/p>\n<p><strong>1998<\/strong> &#8211; dzi\u0119ki ofiarno\u015bci parafian uda\u0142o si\u0119 zakupi\u0107 nowe organy, kt\u00f3re s\u0142u\u017c\u0105 do dnia dzisiejszego. Ponadto po niewielkiej przebudowie tylnej \u015bciany ko\u015bcio\u0142a zainstalowali\u015bmy nowy konfesjona\u0142.<\/p>\n<p>&nbsp;<\/p>\n<p><strong>21 czerwca 2000<\/strong> &#8211; podczas uroczysto\u015bci Bo\u017cego Cia\u0142a rodzice dzieci pierwszokomunijnych, jako dar o\u0142tarza, ofiarowali baldachim. Do dzisiaj zaszczyt niesienia baldachimu przypada w pierwszej kolejno\u015bci rodzicom dzieci, kt\u00f3re w danym roku po raz pierwszy przyst\u0119puj\u0105 do Sto\u0142u Eucharystycznego.<\/p>\n<p>&nbsp;<\/p>\n<p><strong><img loading=\"lazy\" decoding=\"async\" class=\" wp-image-696 alignright\" src=\"http:\/\/mbniewiadom.depta.org\/wp-content\/uploads\/2016\/07\/108-250x176.jpg\" alt=\"108\" width=\"312\" height=\"219\" srcset=\"https:\/\/mbniewiadom.pl\/wp-content\/uploads\/2016\/07\/108-250x176.jpg 250w, https:\/\/mbniewiadom.pl\/wp-content\/uploads\/2016\/07\/108.jpg 1200w, https:\/\/mbniewiadom.pl\/wp-content\/uploads\/2016\/07\/108-550x388.jpg 550w, https:\/\/mbniewiadom.pl\/wp-content\/uploads\/2016\/07\/108-800x565.jpg 800w, https:\/\/mbniewiadom.pl\/wp-content\/uploads\/2016\/07\/108-255x180.jpg 255w, https:\/\/mbniewiadom.pl\/wp-content\/uploads\/2016\/07\/108-425x300.jpg 425w, https:\/\/mbniewiadom.pl\/wp-content\/uploads\/2016\/07\/108-708x500.jpg 708w\" sizes=\"(max-width: 312px) 100vw, 312px\" \/><\/strong><\/p>\n<p>&nbsp;<\/p>\n<p>&nbsp;<\/p>\n<p><strong>17 wrze\u015bnia 2000<\/strong> &#8211; dzi\u0119ki wsparciu ks. abpa Damiana Zimonia, parafia otrzyma\u0142a relikwie \u015bw. Faustyny. Relikwie przywioz\u0142a siostra z \u0141agiewnik, a ich uroczystego wprowadzenia dokona\u0142 sam \u00f3wczesny metropolita katowicki.<\/p>\n<p>&nbsp;<\/p>\n<p>&nbsp;<\/p>\n<p>&nbsp;<\/p>\n<p><strong><img loading=\"lazy\" decoding=\"async\" class=\" wp-image-699 alignleft\" src=\"http:\/\/mbniewiadom.depta.org\/wp-content\/uploads\/2016\/07\/30-250x167.jpg\" alt=\"30\" width=\"352\" height=\"235\" srcset=\"https:\/\/mbniewiadom.pl\/wp-content\/uploads\/2016\/07\/30-250x167.jpg 250w, https:\/\/mbniewiadom.pl\/wp-content\/uploads\/2016\/07\/30-550x368.jpg 550w, https:\/\/mbniewiadom.pl\/wp-content\/uploads\/2016\/07\/30-800x535.jpg 800w, https:\/\/mbniewiadom.pl\/wp-content\/uploads\/2016\/07\/30-269x180.jpg 269w, https:\/\/mbniewiadom.pl\/wp-content\/uploads\/2016\/07\/30-449x300.jpg 449w, https:\/\/mbniewiadom.pl\/wp-content\/uploads\/2016\/07\/30-748x500.jpg 748w, https:\/\/mbniewiadom.pl\/wp-content\/uploads\/2016\/07\/30.jpg 1162w\" sizes=\"(max-width: 352px) 100vw, 352px\" \/><\/strong><\/p>\n<p>&nbsp;<\/p>\n<p>&nbsp;<\/p>\n<p><strong>6 sierpnia 2001<\/strong> &#8211; parafia zakupi\u0142a trzy dzwony, kt\u00f3re otrzyma\u0142y &#8222;imiona&#8221;: Wiara, Nadzieja i Mi\u0142o\u015b\u0107. W oczekiwaniu na dzwonnic\u0119 ustawiono je w kaplicy Matki Bo\u017cej.<\/p>\n<p>&nbsp;<\/p>\n<p>&nbsp;<\/p>\n<p><strong>lipiec &#8211; wrzesie\u0144 2001<\/strong> &#8211; budowa dzwonnicy. Projekt dzwonnicy wybrali sami parafianie spo\u015br\u00f3d trzech zaproponowanych wersji. By\u0142a to ostatnia du\u017ca inwestycja zrealizowana przez ks. proboszcza Franciszka Otremb\u0119 przed jego przej\u015bciem na emerytur\u0119.<\/p>\n<p>&nbsp;<\/p>\n<p><strong><img loading=\"lazy\" decoding=\"async\" class=\" wp-image-701 alignright\" src=\"http:\/\/mbniewiadom.depta.org\/wp-content\/uploads\/2016\/07\/122-250x174.jpg\" alt=\"122\" width=\"365\" height=\"254\" srcset=\"https:\/\/mbniewiadom.pl\/wp-content\/uploads\/2016\/07\/122-250x174.jpg 250w, https:\/\/mbniewiadom.pl\/wp-content\/uploads\/2016\/07\/122-550x382.jpg 550w, https:\/\/mbniewiadom.pl\/wp-content\/uploads\/2016\/07\/122-800x556.jpg 800w, https:\/\/mbniewiadom.pl\/wp-content\/uploads\/2016\/07\/122-259x180.jpg 259w, https:\/\/mbniewiadom.pl\/wp-content\/uploads\/2016\/07\/122-432x300.jpg 432w, https:\/\/mbniewiadom.pl\/wp-content\/uploads\/2016\/07\/122-720x500.jpg 720w, https:\/\/mbniewiadom.pl\/wp-content\/uploads\/2016\/07\/122.jpg 1146w\" sizes=\"(max-width: 365px) 100vw, 365px\" \/><\/strong><\/p>\n<p>&nbsp;<\/p>\n<p>&nbsp;<\/p>\n<p>&nbsp;<\/p>\n<p><strong>18 wrze\u015bnia 2001<\/strong> &#8211; g\u0142os dzwon\u00f3w zawieszonych na nowej dzwonnicy rozleg\u0142 si\u0119 po raz pierwszy. W tym momencie wielu parafianom pop\u0142yn\u0119\u0142y z oczu \u0142zy wzruszenia&#8230; Uroczystego po\u015bwi\u0119cenia dokona\u0142 ks. abp Damian Zimo\u0144.<\/p>\n<p>&nbsp;<\/p>\n<p>&nbsp;<\/p>\n<p>&nbsp;<\/p>\n<p><strong><img loading=\"lazy\" decoding=\"async\" class=\" wp-image-716 alignleft\" src=\"http:\/\/mbniewiadom.depta.org\/wp-content\/uploads\/2016\/07\/49-250x375.jpg\" alt=\"49\" width=\"216\" height=\"324\" srcset=\"https:\/\/mbniewiadom.pl\/wp-content\/uploads\/2016\/07\/49-250x375.jpg 250w, https:\/\/mbniewiadom.pl\/wp-content\/uploads\/2016\/07\/49.jpg 800w, https:\/\/mbniewiadom.pl\/wp-content\/uploads\/2016\/07\/49-550x825.jpg 550w, https:\/\/mbniewiadom.pl\/wp-content\/uploads\/2016\/07\/49-120x180.jpg 120w, https:\/\/mbniewiadom.pl\/wp-content\/uploads\/2016\/07\/49-200x300.jpg 200w, https:\/\/mbniewiadom.pl\/wp-content\/uploads\/2016\/07\/49-333x500.jpg 333w\" sizes=\"(max-width: 216px) 100vw, 216px\" \/><\/strong><\/p>\n<p>&nbsp;<\/p>\n<p>&nbsp;<\/p>\n<p><strong>27 lipca 2003<\/strong> &#8211; dekretem ks. abpa Damiana Zimonia ks. proboszcz Franciszek Otremba zosta\u0142 zwolniony z urz\u0119du proboszcza naszej parafii i po czterdziestu dw\u00f3ch latach kap\u0142a\u0144stwa, przeniesiony na emerytur\u0119. Ksi\u0105dz proboszcz opu\u015bci\u0142 Niewiadom i zamieszka\u0142 w domu Ojc\u00f3w Werbist\u00f3w w Rybniku. W tym samym dniu ks. pra\u0142at Hubert Wieczorke, dziekan dekanatu Niedobczyce, wprowadzi\u0142 na urz\u0105d proboszcza naszej parafii ks. Stanis\u0142awa Ko\u0142odzieja. Podczas uroczystej Mszy \u015bw. zar\u00f3wno ks. pra\u0142at, jak i nowy proboszcz gor\u0105co podzi\u0119kowali ks. Franciszkowi Otrembie za trud w\u0142o\u017cony w budow\u0119 ko\u015bcio\u0142a i wsp\u00f3lnoty parafialnej oraz za jego dziewi\u0119tnastoletni\u0105 prac\u0119 w naszej parafii.<\/p>\n<p>&nbsp;<\/p>\n<p>&nbsp;<\/p>\n<p><strong><img loading=\"lazy\" decoding=\"async\" class=\" wp-image-715 alignright\" src=\"http:\/\/mbniewiadom.depta.org\/wp-content\/uploads\/2016\/07\/55-250x158.jpg\" alt=\"55\" width=\"318\" height=\"201\" srcset=\"https:\/\/mbniewiadom.pl\/wp-content\/uploads\/2016\/07\/55-250x158.jpg 250w, https:\/\/mbniewiadom.pl\/wp-content\/uploads\/2016\/07\/55-550x348.jpg 550w, https:\/\/mbniewiadom.pl\/wp-content\/uploads\/2016\/07\/55-284x180.jpg 284w, https:\/\/mbniewiadom.pl\/wp-content\/uploads\/2016\/07\/55-474x300.jpg 474w, https:\/\/mbniewiadom.pl\/wp-content\/uploads\/2016\/07\/55.jpg 554w\" sizes=\"(max-width: 318px) 100vw, 318px\" \/><\/strong><\/p>\n<p>&nbsp;<\/p>\n<p>&nbsp;<\/p>\n<p>&nbsp;<\/p>\n<p><strong>24 grudnia 2003<\/strong> &#8211; ks. proboszcz Stanis\u0142aw Ko\u0142odziej zaprosi\u0142 parafian na czuwanie przed Pasterk\u0105, kt\u00f3re przygotowa\u0142a i poprowadzi\u0142a m\u0142odzie\u017c naszej parafii. Po pasterce po raz pierwszy ca\u0142a parafia spotka\u0142a si\u0119 przed ko\u015bcio\u0142em przy rozpalonym ognisku. By\u0142a to okazja, aby prze\u0142ama\u0107 si\u0119 op\u0142atkiem, z\u0142o\u017cy\u0107 sobie wzajemnie \u017cyczenia i wsp\u00f3lnie po\u015bpiewa\u0107 kol\u0119dy.<\/p>\n<p>&nbsp;<\/p>\n<p><strong>23 stycznia 2004<\/strong> &#8211; pierwsze spotkanie senior\u00f3w naszej parafii, kt\u00f3rzy odt\u0105d b\u0119d\u0105 spotykali si\u0119 w ka\u017cdy pierwszy pi\u0105tek miesi\u0105ca.<\/p>\n<p>&nbsp;<\/p>\n<p><strong>marzec 2004<\/strong> &#8211; nabo\u017ce\u0144stwo drogi krzy\u017cowej mia\u0142o wyj\u0105tkowy charakter. Parafianie wyszli na ulic\u0119 Niewiadomia nios\u0105c krzy\u017c i publicznie rozwa\u017cali M\u0119k\u0119 Pa\u0144sk\u0105.<\/p>\n<p>&nbsp;<\/p>\n<p><strong>kwiecie\u0144 2004<\/strong> &#8211; w Wielki Czwartek ksi\u0105dz proboszcz obmy\u0142 nogi ministrantom, a zebranym parafianom rozda\u0142 chlebki wielkanocne.<\/p>\n<p>&nbsp;<\/p>\n<p><strong>13 maja 2004<\/strong> &#8211; pierwsze w naszej parafii Nabo\u017ce\u0144stwo Fatimskie. Przez nast\u0119pne kilka lat takie nabo\u017ce\u0144stwa ku czci Naj\u015bwi\u0119tszej Maryi Panny b\u0119d\u0105 odprawiane regularnie w ka\u017cdy 13 dzie\u0144 miesi\u0105ca w okresie od lutego do pa\u017adziernika.<\/p>\n<p>&nbsp;<\/p>\n<p><strong><img loading=\"lazy\" decoding=\"async\" class=\" wp-image-739 alignleft\" src=\"http:\/\/mbniewiadom.depta.org\/wp-content\/uploads\/2016\/07\/51-250x168.jpg\" alt=\"51\" width=\"308\" height=\"207\" srcset=\"https:\/\/mbniewiadom.pl\/wp-content\/uploads\/2016\/07\/51-250x168.jpg 250w, https:\/\/mbniewiadom.pl\/wp-content\/uploads\/2016\/07\/51.jpg 1200w, https:\/\/mbniewiadom.pl\/wp-content\/uploads\/2016\/07\/51-550x369.jpg 550w, https:\/\/mbniewiadom.pl\/wp-content\/uploads\/2016\/07\/51-800x536.jpg 800w, https:\/\/mbniewiadom.pl\/wp-content\/uploads\/2016\/07\/51-269x180.jpg 269w, https:\/\/mbniewiadom.pl\/wp-content\/uploads\/2016\/07\/51-448x300.jpg 448w, https:\/\/mbniewiadom.pl\/wp-content\/uploads\/2016\/07\/51-746x500.jpg 746w\" sizes=\"(max-width: 308px) 100vw, 308px\" \/><\/strong><\/p>\n<p>&nbsp;<\/p>\n<p>&nbsp;<\/p>\n<p><strong>27 czerwca 2004<\/strong> &#8211; pierwszy festyn parafialny. Jego g\u0142\u00f3wnym celem by\u0142a wsp\u00f3lna zabawa i zintegrowanie parafian, kt\u00f3rzy maj\u0105 tworzy\u0107 wsp\u00f3lnot\u0119 ludzi zjednoczonych wiar\u0105 nie tylko w czasie Mszy \u015bw. i nabo\u017ce\u0144stw. \u00a0Odt\u0105d festyny b\u0119d\u0105 organizowane regularnie, pocz\u0105tkowo dwa razy w roku, potem tylko raz. Uzyskany za\u015b z nich doch\u00f3d b\u0119dzie przeznaczany na wyjazdy dzieci i m\u0142odzie\u017cy, a tak\u017ce cz\u0119\u015bciowo na bie\u017c\u0105ce utrzymanie ko\u015bcio\u0142a.<\/p>\n<p>&nbsp;<\/p>\n<p>&nbsp;<\/p>\n<p><strong>kwiecie\u0144 2005<\/strong> &#8211; po \u015bmierci Ojca \u015awi\u0119tego Jana Paw\u0142a II codziennie, a\u017c do dnia pogrzebu, gromadzili\u015bmy si\u0119 w ko\u015bciele, aby trwa\u0107 na czuwaniu modlitewnym. Inicjatorem i jednocze\u015bnie organizatorem tych wieczornych spotka\u0144 by\u0142 ks. proboszcz, a licznie zgromadzeni parafianie mogli dzi\u0119ki temu g\u0142\u0119biej prze\u017cy\u0107 te trudne dni &#8222;rekolekcji&#8221;.<\/p>\n<p>&nbsp;<\/p>\n<p><strong>4 grudnia 2005<\/strong> &#8211; podczas uroczystej Mszy \u015bw. po\u015bwi\u0119cono sztandar g\u00f3rnik\u00f3w.<\/p>\n<p>&nbsp;<\/p>\n<p><strong>22 czerwca 2006<\/strong> &#8211; odwiedziny ks. abpa Damiana Zimonia, kt\u00f3ry udzieli\u0142 sakramentu bierzmowania naszej m\u0142odzie\u017cy. W tym dniu ks. arcybiskup dokona\u0142 tak\u017ce po\u015bwi\u0119cenia nowego marmurowego o\u0142tarza.<\/p>\n<p>&nbsp;<\/p>\n<p><strong><img loading=\"lazy\" decoding=\"async\" class=\" wp-image-744 alignleft\" src=\"http:\/\/mbniewiadom.depta.org\/wp-content\/uploads\/2016\/07\/ksgrzegorz1.jpg\" alt=\"ksgrzegorz1\" width=\"195\" height=\"264\" srcset=\"https:\/\/mbniewiadom.pl\/wp-content\/uploads\/2016\/07\/ksgrzegorz1.jpg 166w, https:\/\/mbniewiadom.pl\/wp-content\/uploads\/2016\/07\/ksgrzegorz1-133x180.jpg 133w\" sizes=\"(max-width: 195px) 100vw, 195px\" \/><\/strong><\/p>\n<p>&nbsp;<\/p>\n<p>&nbsp;<\/p>\n<p><strong>29 lipca 2007<\/strong> &#8211; dekretem ks. abpa Damiana Zimonia ks. Stanis\u0142aw Ko\u0142odziej zosta\u0142 mianowany proboszczem s\u0105siedniej Parafii Naj\u015bwi\u0119tszego Serca Pana Jezusa w Niedobczycach i tym samym po\u017cegna\u0142 si\u0119 z nasz\u0105 wsp\u00f3lnot\u0105. Tego samego dnia ks. pra\u0142at Hubert Wieczorke wprowadzi\u0142 na urz\u0105d proboszcza ks. Grzegorza Lecha. Eucharysti\u0119 sprawowali wsp\u00f3lnie ks. pra\u0142at Hubert Wieczorke, ks. Franciszek Otremba, Ks. Stanis\u0142aw Ko\u0142odziej oraz nowy proboszcz &#8211; ks. Grzegorz Lech.<\/p>\n<p>&nbsp;<\/p>\n<p>&nbsp;<\/p>\n<p>&nbsp;<\/p>\n<p>&nbsp;<\/p>\n<p><strong>sierpie\u0144 &#8211; grudzie\u0144 2007<\/strong> &#8211; remont ca\u0142ego budynku ko\u015bcio\u0142a. Roboty by\u0142y cz\u0119\u015bciowo sfinansowane przez kopalni\u0119 w ramach rekompensaty za szkody g\u00f3rnicze, a cz\u0119\u015bciowo ze sk\u0142adek parafian. Wykonano m.in. nast\u0119puj\u0105ce prace: g\u0142\u0119bokie wykopy, osuszanie i izolacja mur\u00f3w, skuwanie tynk\u00f3w wewn\u0119trznych, izolacja przeciwgrzybiczna, remont instalacji elektrycznej, rozbudowanie nag\u0142o\u015bnienia, izolacja termiczna obraz\u00f3w, malowanie.<\/p>\n<p>&nbsp;<\/p>\n<p><strong>2 wrze\u015bnia 2007<\/strong>&#8211; ukaza\u0142 si\u0119 pierwszy numer parafialnej gazetki &#8222;Piecz\u0119\u0107&#8221;. Miesi\u0119cznik, potem dwumiesi\u0119cznik, b\u0119dzie relacjonowa\u0142 wa\u017cne dla nas wydarzenia, uroczysto\u015bci, spotkania, wyjazdy i b\u0119dzie ukazywa\u0142 si\u0119 do ko\u0144ca pobytu ks. proboszcza Grzegorza Lecha w naszej parafii.<\/p>\n<p>&nbsp;<\/p>\n<p><strong>2007<\/strong> &#8211; parafia wzbogaci\u0142a si\u0119 o w\u0142asn\u0105 stron\u0119 internetow\u0105 : www.mbniewiadom.pl<\/p>\n<p>&nbsp;<\/p>\n<p><strong><img loading=\"lazy\" decoding=\"async\" class=\" wp-image-749 alignleft\" src=\"http:\/\/mbniewiadom.depta.org\/wp-content\/uploads\/2016\/07\/59-250x167.jpg\" alt=\"59\" width=\"310\" height=\"207\" srcset=\"https:\/\/mbniewiadom.pl\/wp-content\/uploads\/2016\/07\/59-250x167.jpg 250w, https:\/\/mbniewiadom.pl\/wp-content\/uploads\/2016\/07\/59-550x366.jpg 550w, https:\/\/mbniewiadom.pl\/wp-content\/uploads\/2016\/07\/59-800x533.jpg 800w, https:\/\/mbniewiadom.pl\/wp-content\/uploads\/2016\/07\/59-270x180.jpg 270w, https:\/\/mbniewiadom.pl\/wp-content\/uploads\/2016\/07\/59-450x300.jpg 450w, https:\/\/mbniewiadom.pl\/wp-content\/uploads\/2016\/07\/59-751x500.jpg 751w, https:\/\/mbniewiadom.pl\/wp-content\/uploads\/2016\/07\/59.jpg 1000w\" sizes=\"(max-width: 310px) 100vw, 310px\" \/><\/strong><\/p>\n<p>&nbsp;<\/p>\n<p>&nbsp;<\/p>\n<p><strong>14 maja 2008<\/strong> &#8211; 20 rocznica \u015bwi\u0119ce\u0144 kap\u0142a\u0144skich ks. proboszcza Grzegorza Lecha. Msza \u015bw. dzi\u0119kczynna zosta\u0142a odprawiona w niedziel\u0119 18 maja o godz. 16:00 i licznie zgromadzi\u0142a parafian, kt\u00f3rzy modlili si\u0119 w intencji Jubilata.<\/p>\n<p>&nbsp;<\/p>\n<p>&nbsp;<\/p>\n<p>&nbsp;<\/p>\n<p><img loading=\"lazy\" decoding=\"async\" class=\" wp-image-752 alignright\" src=\"http:\/\/mbniewiadom.depta.org\/wp-content\/uploads\/2016\/07\/50-lat-kap\u0142a\u0144stwa-250x188.jpg\" alt=\"50 lat kap\u0142a\u0144stwa\" width=\"303\" height=\"228\" srcset=\"https:\/\/mbniewiadom.pl\/wp-content\/uploads\/2016\/07\/50-lat-kap\u0142a\u0144stwa-250x188.jpg 250w, https:\/\/mbniewiadom.pl\/wp-content\/uploads\/2016\/07\/50-lat-kap\u0142a\u0144stwa.jpg 1200w, https:\/\/mbniewiadom.pl\/wp-content\/uploads\/2016\/07\/50-lat-kap\u0142a\u0144stwa-550x413.jpg 550w, https:\/\/mbniewiadom.pl\/wp-content\/uploads\/2016\/07\/50-lat-kap\u0142a\u0144stwa-800x600.jpg 800w, https:\/\/mbniewiadom.pl\/wp-content\/uploads\/2016\/07\/50-lat-kap\u0142a\u0144stwa-240x180.jpg 240w, https:\/\/mbniewiadom.pl\/wp-content\/uploads\/2016\/07\/50-lat-kap\u0142a\u0144stwa-400x300.jpg 400w, https:\/\/mbniewiadom.pl\/wp-content\/uploads\/2016\/07\/50-lat-kap\u0142a\u0144stwa-667x500.jpg 667w\" sizes=\"(max-width: 303px) 100vw, 303px\" \/><\/p>\n<p>&nbsp;<\/p>\n<p>&nbsp;<\/p>\n<p><strong>kwiecie\u0144 2011<\/strong>\u00a0&#8211; podczas uroczystej Mszy \u015bw. ks. proboszcz Franciszek Otremba dzi\u0119kowa\u0142 Bogu za 50 lat kap\u0142a\u0144stwa. Zgodnie z \u017cyczeniem Jubilata oprawa Eucharystii by\u0142a niezwykle skromna.<\/p>\n<p>&nbsp;<\/p>\n<p>&nbsp;<\/p>\n<p>&nbsp;<\/p>\n<p>&nbsp;<\/p>\n<p><strong><img loading=\"lazy\" decoding=\"async\" class=\" wp-image-755 alignleft\" src=\"http:\/\/mbniewiadom.depta.org\/wp-content\/uploads\/2016\/07\/P7270016-250x188.jpg\" alt=\"P7270016\" width=\"322\" height=\"242\" srcset=\"https:\/\/mbniewiadom.pl\/wp-content\/uploads\/2016\/07\/P7270016-250x188.jpg 250w, https:\/\/mbniewiadom.pl\/wp-content\/uploads\/2016\/07\/P7270016.jpg 1200w, https:\/\/mbniewiadom.pl\/wp-content\/uploads\/2016\/07\/P7270016-550x413.jpg 550w, https:\/\/mbniewiadom.pl\/wp-content\/uploads\/2016\/07\/P7270016-800x600.jpg 800w, https:\/\/mbniewiadom.pl\/wp-content\/uploads\/2016\/07\/P7270016-240x180.jpg 240w, https:\/\/mbniewiadom.pl\/wp-content\/uploads\/2016\/07\/P7270016-400x300.jpg 400w, https:\/\/mbniewiadom.pl\/wp-content\/uploads\/2016\/07\/P7270016-667x500.jpg 667w\" sizes=\"(max-width: 322px) 100vw, 322px\" \/><\/strong><\/p>\n<p>&nbsp;<\/p>\n<p>&nbsp;<\/p>\n<p><strong>29 li<\/strong><strong>pca 2012<\/strong> &#8211; dekretem ks. abpa Wiktora Skworca ks. proboszcz Grzegorz Lech, po pi\u0119ciu latach pracy w naszej wsp\u00f3lnocie, zosta\u0142 skierowany do parafii Micha\u0142a Archanio\u0142a w Ornontowicach, gdzie r\u00f3wnie\u017c obj\u0105\u0142 funkcj\u0119 proboszcza. W tym samym dniu ks. dziekan Stanis\u0142aw Ko\u0142odziej wprowadzi\u0142 do naszej parafii ks. Andrzeja Podoluka, kt\u00f3ry najpierw zosta\u0142 administratorem, a rok p\u00f3\u017aniej otrzyma\u0142 nominacj\u0119 proboszcza.<\/p>\n<p>&nbsp;<\/p>\n<p>&nbsp;<\/p>\n<p><strong><img loading=\"lazy\" decoding=\"async\" class=\" wp-image-759 alignright\" src=\"http:\/\/mbniewiadom.depta.org\/wp-content\/uploads\/2016\/07\/IMG_6785-250x167.jpg\" alt=\"IMG_6785\" width=\"317\" height=\"212\" srcset=\"https:\/\/mbniewiadom.pl\/wp-content\/uploads\/2016\/07\/IMG_6785-250x167.jpg 250w, https:\/\/mbniewiadom.pl\/wp-content\/uploads\/2016\/07\/IMG_6785.jpg 1200w, https:\/\/mbniewiadom.pl\/wp-content\/uploads\/2016\/07\/IMG_6785-550x367.jpg 550w, https:\/\/mbniewiadom.pl\/wp-content\/uploads\/2016\/07\/IMG_6785-800x533.jpg 800w, https:\/\/mbniewiadom.pl\/wp-content\/uploads\/2016\/07\/IMG_6785-270x180.jpg 270w, https:\/\/mbniewiadom.pl\/wp-content\/uploads\/2016\/07\/IMG_6785-450x300.jpg 450w, https:\/\/mbniewiadom.pl\/wp-content\/uploads\/2016\/07\/IMG_6785-750x500.jpg 750w\" sizes=\"(max-width: 317px) 100vw, 317px\" \/><\/strong><\/p>\n<p>&nbsp;<\/p>\n<p>&nbsp;<\/p>\n<p><strong>2013\u00a0<\/strong>&#8211; wykonana zosta\u0142a termoizolacja cz\u0119\u015bci dachu ko\u015bcio\u0142a oraz wymieniono piec centralnego ogrzewania. Ponadto w oknach na \u015bcianie g\u0142\u00f3wnej ko\u015bcio\u0142a zamontowane zosta\u0142y witra\u017ce, kt\u00f3rych projekt nawi\u0105zuje do promieni wychodz\u0105cych z Serca Jezusa Mi\u0142osiernego.<\/p>\n<p>&nbsp;<\/p>\n<p>&nbsp;<\/p>\n<p>&nbsp;<\/p>\n<p><strong><img loading=\"lazy\" decoding=\"async\" class=\"size-wcsmall wp-image-761 alignleft\" src=\"http:\/\/mbniewiadom.depta.org\/wp-content\/uploads\/2016\/07\/716213_ka23s0220800x533_34-250x166.jpg\" alt=\"716213_ka23s0220800x533_34\" width=\"250\" height=\"166\" srcset=\"https:\/\/mbniewiadom.pl\/wp-content\/uploads\/2016\/07\/716213_ka23s0220800x533_34-250x166.jpg 250w, https:\/\/mbniewiadom.pl\/wp-content\/uploads\/2016\/07\/716213_ka23s0220800x533_34-550x366.jpg 550w, https:\/\/mbniewiadom.pl\/wp-content\/uploads\/2016\/07\/716213_ka23s0220800x533_34-270x180.jpg 270w, https:\/\/mbniewiadom.pl\/wp-content\/uploads\/2016\/07\/716213_ka23s0220800x533_34-451x300.jpg 451w, https:\/\/mbniewiadom.pl\/wp-content\/uploads\/2016\/07\/716213_ka23s0220800x533_34.jpg 700w\" sizes=\"(max-width: 250px) 100vw, 250px\" \/><\/strong><\/p>\n<p>&nbsp;<\/p>\n<p><strong>29 maja 2014<\/strong> &#8211; Pan B\u00f3g odwo\u0142a\u0142 do wieczno\u015bci ks. proboszcza Franciszka Otremb\u0119. W murach naszej \u015bwi\u0105tyni po\u017cegnali\u015bmy go 1 czerwca podczas nabo\u017ce\u0144stwa oraz Mszy \u015bw. sprawowanej w jego intencji. Uroczysto\u015bci pogrzebowe odby\u0142y si\u0119 2 czerwca w Parafii Naj\u015bwi\u0119tszego Serca Pana Jezusa w Niedobczycach. Mszy \u015bw. pogrzebowej przewodniczy\u0142 ks. abp senior Damian Zimo\u0144, za\u015b homili\u0119 wyg\u0142osi\u0142 ks. prof. Jerzy Szymik. Ksi\u0105dz proboszcz Franciszek Otremba spocz\u0105\u0142 na cmentarzu parafialnym w Niedobczycach.<\/p>\n<p>&nbsp;<\/p>\n<p><strong><img loading=\"lazy\" decoding=\"async\" class=\" wp-image-764 alignright\" src=\"http:\/\/mbniewiadom.depta.org\/wp-content\/uploads\/2016\/07\/IMG_5272-250x276.jpg\" alt=\"IMG_5272\" width=\"234\" height=\"258\" srcset=\"https:\/\/mbniewiadom.pl\/wp-content\/uploads\/2016\/07\/IMG_5272-250x276.jpg 250w, https:\/\/mbniewiadom.pl\/wp-content\/uploads\/2016\/07\/IMG_5272-163x180.jpg 163w, https:\/\/mbniewiadom.pl\/wp-content\/uploads\/2016\/07\/IMG_5272-272x300.jpg 272w, https:\/\/mbniewiadom.pl\/wp-content\/uploads\/2016\/07\/IMG_5272-453x500.jpg 453w, https:\/\/mbniewiadom.pl\/wp-content\/uploads\/2016\/07\/IMG_5272.jpg 477w\" sizes=\"(max-width: 234px) 100vw, 234px\" \/><\/strong><\/p>\n<p>&nbsp;<\/p>\n<p><strong>04.01.2016<\/strong> &#8211; pogrzeb Bernarda Chlubka, wieloletniego organisty w naszej parafii. 35 lat przepracowa\u0142 w zawodzie nauczyciela z czego 15 lat by\u0142 dyrektorem Szko\u0142y Podstawowej nr 23 w Rybniku &#8211; Niewiadomiu. &#8222;<em>Przez wiele lat dziadek by\u0142 organist\u0105 w naszym ko\u015bciele (Ko\u015bci\u00f3\u0142 Mi\u0142osierdzia Bo\u017cego w Niewiadomiu). Dla ca\u0142ej naszej rodziny by\u0142 wzorem cierpliwo\u015bci, skromno\u015bci i pracowito\u015bci. Nigdy nie narzeka\u0142. wszystko potrafi\u0142 naprawi\u0107 albo zbudowa\u0107. Pe\u0142ni\u0142 r\u00f3wnie\u017c funkcj\u0119 szofera dla babci i s\u0105siadek, by\u0142 na ka\u017cde ich zawo\u0142anie<\/em>&#8221; (fragment &#8222;Wspomnienia o dziadku Bernardzie&#8221;- napisanego przez wnuk\u00f3w)<\/p>\n<p>&nbsp;<\/p>\n<p>&nbsp;<\/p>\n<p>&nbsp;<\/p>\n<p>&nbsp;<\/p>\n<p style=\"text-align: right;\">opr. Anna \u0141atka<\/p>\n","protected":false},"excerpt":{"rendered":"<p>&nbsp; Nie spos\u00f3b przywo\u0142a\u0107 wszystkich wydarze\u0144, kt\u00f3re mia\u0142y miejsce w okresie 30 lat. Wybrali\u015bmy zatem najwa\u017cniejsze, zar\u00f3wno dotycz\u0105ce prac budowlanych i remontowych w naszej \u015bwi\u0105tyni, jak i \u017cycia religijnego i spo\u0142ecznego. &nbsp; &nbsp;<\/p>\n","protected":false},"author":2,"featured_media":0,"comment_status":"closed","ping_status":"open","sticky":false,"template":"","format":"standard","meta":{"footnotes":""},"categories":[8],"tags":[],"_links":{"self":[{"href":"https:\/\/mbniewiadom.pl\/index.php?rest_route=\/wp\/v2\/posts\/661"}],"collection":[{"href":"https:\/\/mbniewiadom.pl\/index.php?rest_route=\/wp\/v2\/posts"}],"about":[{"href":"https:\/\/mbniewiadom.pl\/index.php?rest_route=\/wp\/v2\/types\/post"}],"author":[{"embeddable":true,"href":"https:\/\/mbniewiadom.pl\/index.php?rest_route=\/wp\/v2\/users\/2"}],"replies":[{"embeddable":true,"href":"https:\/\/mbniewiadom.pl\/index.php?rest_route=%2Fwp%2Fv2%2Fcomments&post=661"}],"version-history":[{"count":77,"href":"https:\/\/mbniewiadom.pl\/index.php?rest_route=\/wp\/v2\/posts\/661\/revisions"}],"predecessor-version":[{"id":839,"href":"https:\/\/mbniewiadom.pl\/index.php?rest_route=\/wp\/v2\/posts\/661\/revisions\/839"}],"wp:attachment":[{"href":"https:\/\/mbniewiadom.pl\/index.php?rest_route=%2Fwp%2Fv2%2Fmedia&parent=661"}],"wp:term":[{"taxonomy":"category","embeddable":true,"href":"https:\/\/mbniewiadom.pl\/index.php?rest_route=%2Fwp%2Fv2%2Fcategories&post=661"},{"taxonomy":"post_tag","embeddable":true,"href":"https:\/\/mbniewiadom.pl\/index.php?rest_route=%2Fwp%2Fv2%2Ftags&post=661"}],"curies":[{"name":"wp","href":"https:\/\/api.w.org\/{rel}","templated":true}]}}