{"id":626,"date":"2016-07-20T10:21:10","date_gmt":"2016-07-20T10:21:10","guid":{"rendered":"http:\/\/mbniewiadom.depta.org\/?p=626"},"modified":"2016-07-20T18:01:34","modified_gmt":"2016-07-20T18:01:34","slug":"powstanie-kosciola","status":"publish","type":"post","link":"https:\/\/mbniewiadom.pl\/?p=626","title":{"rendered":"Powstanie ko\u015bcio\u0142a"},"content":{"rendered":"<p><img loading=\"lazy\" decoding=\"async\" class=\"size-wcsmall wp-image-723 alignleft\" src=\"http:\/\/mbniewiadom.depta.org\/wp-content\/uploads\/2016\/07\/IMG_1364-250x167.jpg\" alt=\"IMG_1364\" width=\"250\" height=\"167\" srcset=\"https:\/\/mbniewiadom.pl\/wp-content\/uploads\/2016\/07\/IMG_1364-250x167.jpg 250w, https:\/\/mbniewiadom.pl\/wp-content\/uploads\/2016\/07\/IMG_1364.jpg 1200w, https:\/\/mbniewiadom.pl\/wp-content\/uploads\/2016\/07\/IMG_1364-550x367.jpg 550w, https:\/\/mbniewiadom.pl\/wp-content\/uploads\/2016\/07\/IMG_1364-800x533.jpg 800w, https:\/\/mbniewiadom.pl\/wp-content\/uploads\/2016\/07\/IMG_1364-270x180.jpg 270w, https:\/\/mbniewiadom.pl\/wp-content\/uploads\/2016\/07\/IMG_1364-450x300.jpg 450w, https:\/\/mbniewiadom.pl\/wp-content\/uploads\/2016\/07\/IMG_1364-750x500.jpg 750w\" sizes=\"(max-width: 250px) 100vw, 250px\" \/><\/p>\n<p>&nbsp;<\/p>\n<p>Historia naszej parafii rozpocz\u0119\u0142a si\u0119 w roku 1981, kiedy paradoksalnie nikt jeszcze nie planowa\u0142 jej powstania. Jak to si\u0119 zatem sta\u0142o, \u017ce w naszej cz\u0119\u015bci Niewiadomia utworzona zosta\u0142a parafia?<\/p>\n<p>&nbsp;<\/p>\n<p>&nbsp;<\/p>\n<p>&nbsp;<\/p>\n<p><!--more--><\/p>\n<p>&nbsp;<\/p>\n<p>Pami\u0119tamy, \u017ce nauka religii powr\u00f3ci\u0142a do polskich szk\u00f3\u0142 1 wrze\u015bnia 1991 r. po zaistnia\u0142ych zmianach politycznych. Wcze\u015bniej nauczanie religii prowadzone by\u0142o przy parafiach, w salkach katechetycznych. Nasza cz\u0119\u015b\u0107 Niewiadomia nale\u017ca\u0142a w\u00f3wczas do Parafii Naj\u015bwi\u0119tszego Serca Pana Jezusa w Niedobczycach.<\/p>\n<p><img loading=\"lazy\" decoding=\"async\" class=\" wp-image-641 alignleft\" src=\"http:\/\/mbniewiadom.depta.org\/wp-content\/uploads\/2016\/07\/04-250x379.jpg\" alt=\"04\" width=\"200\" height=\"303\" srcset=\"https:\/\/mbniewiadom.pl\/wp-content\/uploads\/2016\/07\/04-250x379.jpg 250w, https:\/\/mbniewiadom.pl\/wp-content\/uploads\/2016\/07\/04-119x180.jpg 119w, https:\/\/mbniewiadom.pl\/wp-content\/uploads\/2016\/07\/04-198x300.jpg 198w, https:\/\/mbniewiadom.pl\/wp-content\/uploads\/2016\/07\/04.jpg 328w\" sizes=\"(max-width: 200px) 100vw, 200px\" \/>&#8222;Dzieci z Niewiadomia chodzi\u0142y wtedy na religi\u0119 do Niedobczyc, z by\u0142o to stosunkowo daleko. Postanowili\u015bmy zatem, aby na polu, kt\u00f3re by\u0142o w\u0142asno\u015bci\u0105 naszej parafii, wybudowa\u0107 punkt katechetyczny&#8221; &#8211; wspomina ks. pra\u0142at Hubert Wieczorke, \u00f3wczesny niedobecki proboszcz i budowniczy naszego ko\u015bcio\u0142a. &#8211; &#8222;Pocz\u0105tkowo planowali\u015bmy prowadzi\u0107 w tym miejscu wy\u0142\u0105cznie lekcje religii. W tym czasie panowa\u0142a polityczna &#8222;odwil\u017c&#8221;, dlatego \u00f3wczesne w\u0142adze stosunkowo \u0142atwo zgadza\u0142y si\u0119 na budow\u0119 takich punk\u00f3w&#8221;.<\/p>\n<p>Stosunkowo \u0142atwo &#8211; nie oznacza\u0142o, i\u017c uzyskanie pozwolenia by\u0142o prost\u0105 spraw\u0105. Wymaga\u0142o ono wielu stara\u0144 i negocjacji ze strony ks. pra\u0142ata Huberta Wieczorke z w\u0142adzami miasta oraz z Wojew\u00f3dzkim Zarz\u0105dem Rozbudowy Miast i Osiedli Wiejskich w Katowicach. Wreszcie 27 sierpnia 1981 r. zosta\u0142a wydana zgoda na budow\u0119 punktu katechetycznego. Rok p\u00f3\u017aniej zatwierdzony zosta\u0142 projekt obiektu opracowany przez architekta Adama Lisika.<\/p>\n<p><img loading=\"lazy\" decoding=\"async\" class=\"size-wcsmall wp-image-629 alignright\" src=\"http:\/\/mbniewiadom.depta.org\/wp-content\/uploads\/2016\/07\/10-250x163.jpg\" alt=\"10\" width=\"250\" height=\"163\" srcset=\"https:\/\/mbniewiadom.pl\/wp-content\/uploads\/2016\/07\/10-250x163.jpg 250w, https:\/\/mbniewiadom.pl\/wp-content\/uploads\/2016\/07\/10-550x358.jpg 550w, https:\/\/mbniewiadom.pl\/wp-content\/uploads\/2016\/07\/10-800x521.jpg 800w, https:\/\/mbniewiadom.pl\/wp-content\/uploads\/2016\/07\/10-277x180.jpg 277w, https:\/\/mbniewiadom.pl\/wp-content\/uploads\/2016\/07\/10-461x300.jpg 461w, https:\/\/mbniewiadom.pl\/wp-content\/uploads\/2016\/07\/10-768x500.jpg 768w, https:\/\/mbniewiadom.pl\/wp-content\/uploads\/2016\/07\/10.jpg 977w\" sizes=\"(max-width: 250px) 100vw, 250px\" \/><\/p>\n<p>Rozpocz\u0119to zatem prace budowlane. Przedsi\u0119wzi\u0119cie nie by\u0142o \u0142atwe, gdy\u017c brakowa\u0142o \u015brodk\u00f3w finansowych. Jednak dzi\u0119ki pracy spo\u0142ecznej i ofiarno\u015bci mieszka\u0144c\u00f3w Niewiadomia i Niedobczyc budowa post\u0119powa\u0142a naprz\u00f3d. Na ten cel nie zosta\u0142a przeprowadzona \u017cadna pozaparafialna kolekta!<\/p>\n<p>&#8222;Kiedy uko\u0144czyli\u015bmy murowanie piwnic, zdali\u015bmy sobie spraw\u0119, \u017ce w\u0142a\u015bciwie a\u017c tyle ma\u0142ych pomieszcze\u0144 nie jest potrzebnych. Przyda\u0142aby si\u0119 natomiast kaplica, w kt\u00f3rej mogliby\u015bmy w niedziele odprawi\u0107 Msze \u015bw. Podj\u0119li\u015bmy zatem decyzj\u0119, aby na parterze nie stawia\u0107 \u015bcianek dzia\u0142kowych i tym sposobem stworzy\u0107 du\u017c\u0105 przestrze\u0144 &#8211; idealn\u0105 do sprawowania Eucharystii&#8221; &#8211; relacjonuje dalej ks. pra\u0142at Hubert Wieczorke. &#8211; To Bo\u017ca Opatrzno\u015b\u0107 sprawi\u0142a, \u017ce w\u0142adze PRL-u nie zorientowa\u0142y si\u0119 w naszych dzia\u0142aniach.<\/p>\n<p><img loading=\"lazy\" decoding=\"async\" class=\"size-full wp-image-636 alignleft\" src=\"http:\/\/mbniewiadom.depta.org\/wp-content\/uploads\/2016\/07\/m_news_66.jpg\" alt=\"m_news_66\" width=\"150\" height=\"150\" srcset=\"https:\/\/mbniewiadom.pl\/wp-content\/uploads\/2016\/07\/m_news_66.jpg 150w, https:\/\/mbniewiadom.pl\/wp-content\/uploads\/2016\/07\/m_news_66-48x48.jpg 48w\" sizes=\"(max-width: 150px) 100vw, 150px\" \/> Dopiero kiedy 3 wrze\u015bnia 1984 r. \u00a0do &#8222;punktu katechetycznego&#8221; przyby\u0142 ks. bp Herbert Bednorz i po\u015bwi\u0119ci\u0142 budynek, a ks. Franciszka Otremb\u0119 mianowa\u0142 rektorem (czyli <em>de facto<\/em> proboszczem), komunistyczne w\u0142adze zrozumia\u0142y, co tutaj si\u0119 sta\u0142o. Rozpocz\u0119\u0142a si\u0119 trwaj\u0105ca rok inwigilacja i wezwania na komend\u0119. Wyznaczono eksperta budowlanego, kt\u00f3ry mia\u0142 przeprowadzi\u0107 ekspertyz\u0119 budynku. Poleci\u0142 on wykona\u0107 \u015bci\u0105gi dachu maj\u0105ce wzmocni\u0107 pokrycie dachowe. Takie elementy zosta\u0142y za\u0142o\u017cone pod sufitem &#8211; dzisiaj s\u0105 one przykryte deskami.<\/p>\n<p><img loading=\"lazy\" decoding=\"async\" class=\"size-wcsmall wp-image-633 alignright\" src=\"http:\/\/mbniewiadom.depta.org\/wp-content\/uploads\/2016\/07\/7-250x158.jpg\" alt=\"7\" width=\"250\" height=\"158\" srcset=\"https:\/\/mbniewiadom.pl\/wp-content\/uploads\/2016\/07\/7-250x158.jpg 250w, https:\/\/mbniewiadom.pl\/wp-content\/uploads\/2016\/07\/7-550x347.jpg 550w, https:\/\/mbniewiadom.pl\/wp-content\/uploads\/2016\/07\/7-800x504.jpg 800w, https:\/\/mbniewiadom.pl\/wp-content\/uploads\/2016\/07\/7-286x180.jpg 286w, https:\/\/mbniewiadom.pl\/wp-content\/uploads\/2016\/07\/7-476x300.jpg 476w, https:\/\/mbniewiadom.pl\/wp-content\/uploads\/2016\/07\/7-793x500.jpg 793w, https:\/\/mbniewiadom.pl\/wp-content\/uploads\/2016\/07\/7.jpg 974w\" sizes=\"(max-width: 250px) 100vw, 250px\" \/>Wi\u0119kszym problemem okaza\u0142a si\u0119 powierzchnia nowego obiektu. Zgodnie z obowi\u0105zuj\u0105cymi w\u00f3wczas przepisami powierzchnia u\u017cytkowa budynku nie mog\u0142a przekroczy\u0107 600 m2, dlatego \u00f3w ekspert nakaza\u0142 zasypa\u0107 piwnice i doprowadzi\u0107 budynek do pierwotnie zak\u0142adanego stanu. Wtedy ks. Franciszek mieszka\u0142 na probostwie w Niedobczycach, a zatem cz\u0119\u015b\u0107 mieszkalna nie by\u0142a jeszcze zagospodarowana. Wymy\u015blili\u015bmy wi\u0119c niewielki fortel: w obecnej cz\u0119\u015bci mieszkalnej zawiesili\u015bmy sznury i urz\u0105dzili\u015bmy prowizoryczn\u0105 suszarni\u0119. Kiedy przyby\u0142 ekspert, o\u015bwiadczyli\u015bmy, \u017ce ta cz\u0119\u015b\u0107 budynku s\u0142u\u017cy do suszenia bielizny ko\u015bcielnej, dlatego nie jest ona jako tako u\u017cytkowana. W protokole z ogl\u0119dzin \u00f3w ekspert napisa\u0142, i\u017c powierzchnia u\u017cytkowa budynku wynosi&#8230; 599 m2. Uda\u0142o si\u0119! Dzisiejsze salki, kot\u0142ownia oraz zaplecze kuchenne ko\u015bcio\u0142a zosta\u0142y uratowane!&#8221;<\/p>\n<p><img loading=\"lazy\" decoding=\"async\" class=\"size-wcsmall wp-image-639 alignleft\" src=\"http:\/\/mbniewiadom.depta.org\/wp-content\/uploads\/2016\/07\/18-250x169.jpg\" alt=\"18\" width=\"250\" height=\"169\" srcset=\"https:\/\/mbniewiadom.pl\/wp-content\/uploads\/2016\/07\/18-250x169.jpg 250w, https:\/\/mbniewiadom.pl\/wp-content\/uploads\/2016\/07\/18-550x371.jpg 550w, https:\/\/mbniewiadom.pl\/wp-content\/uploads\/2016\/07\/18-267x180.jpg 267w, https:\/\/mbniewiadom.pl\/wp-content\/uploads\/2016\/07\/18-445x300.jpg 445w, https:\/\/mbniewiadom.pl\/wp-content\/uploads\/2016\/07\/18-741x500.jpg 741w, https:\/\/mbniewiadom.pl\/wp-content\/uploads\/2016\/07\/18.jpg 765w\" sizes=\"(max-width: 250px) 100vw, 250px\" \/>Pocz\u0105tkowo ks. Franciszek mieszka\u0142 na probostwie w Niedobczycach, a Msze \u015bw. przyje\u017cd\u017ca\u0142 sprawowa\u0107 w ka\u017cd\u0105 niedziel\u0119 oraz raz w tygodniu. 14 kwietnia 1985 r. \u015bwi\u0119towali\u015bmy pierwszy odpust parafialny, cho\u0107 parafia zosta\u0142a erygowana dopiero 19 stycznia 1986 r. i w\u0142\u0105czona pocz\u0105tkowo do dekanatu Rybnik &#8211; Centrum. Oficjalnie otrzyma\u0142a w\u00f3wczas, jako pierwsza w diecezji, wezwanie Mi\u0142osierdzia Bo\u017cego. Jest to zas\u0142uga ks. Franciszka Otremby, kt\u00f3ry by\u0142 wielkim wizjonerem i or\u0119downikiem Mi\u0142osierdzia Bo\u017cego, zanim jeszcze kult ten zosta\u0142 rozpowszechniony na \u015bwiecie.<\/p>\n<p>Jeszcze w roku 1985 uko\u0144czono cz\u0119\u015b\u0107 mieszkaln\u0105, do kt\u00f3rej ks. proboszcz wprowadzi\u0142 na sta\u0142e 19 marca 1985 r. Warto w tym miejscu wspomnie\u0107, i\u017c mia\u0142o to by\u0107 rozwi\u0105zanie tymczasowe. Planowano bowiem wybudowanie osobnego probostwa, a mieszkanie mia\u0142o by\u0107 w przysz\u0142o\u015bci przebudowane i s\u0142u\u017cy\u0107 jako ch\u00f3r. Z tego te\u017c wzgl\u0119du pocz\u0105tkowo wej\u015bcie na ch\u00f3r prowadzi\u0142o przez mieszkanie proboszcza. Niestety z biegiem czasu okaza\u0142o si\u0119, \u017ce \u00a0budowa probostwa jest niemo\u017cliwa ze wzgl\u0119d\u00f3w finansowych, a i spadek wiernych uczestnicz\u0105cych we Mszach \u015bw. sprawi\u0142, \u017ce nie by\u0142o dot\u0105d potrzeby poszerzania powierzchni samego ko\u015bcio\u0142a.<\/p>\n<p>Wraz z erygowaniem parafii ks. Franciszek Otremba zosta\u0142 mianowany proboszczem.<\/p>\n<p style=\"text-align: right;\">opr. Anna \u0141atka<\/p>\n<div class=\"wc-gallery\"><div id='gallery-1' data-gutter-width='5' data-columns='4' class='gallery wc-gallery-captions-onhover gallery-link-file gallery-masonry galleryid-626 gallery-columns-4 gallery-size-thumbnail wc-gallery-bottomspace-default wc-gallery-clear'><div class='gallery-item gallery-item-position-1 gallery-item-attachment-629'>\n\t\t\t\t<div class='gallery-icon landscape'>\n\t\t\t\t\t<a href='https:\/\/mbniewiadom.pl\/wp-content\/uploads\/2016\/07\/10.jpg' title='10' target='_self'><img loading=\"lazy\" decoding=\"async\" width=\"150\" height=\"150\" src=\"https:\/\/mbniewiadom.pl\/wp-content\/uploads\/2016\/07\/10-150x150.jpg\" class=\"attachment-thumbnail size-thumbnail\" alt=\"\" srcset=\"https:\/\/mbniewiadom.pl\/wp-content\/uploads\/2016\/07\/10-150x150.jpg 150w, https:\/\/mbniewiadom.pl\/wp-content\/uploads\/2016\/07\/10-48x48.jpg 48w, https:\/\/mbniewiadom.pl\/wp-content\/uploads\/2016\/07\/10-300x300.jpg 300w\" sizes=\"(max-width: 150px) 100vw, 150px\" \/><\/a>\n\t\t\t\t<\/div><\/div><div class='gallery-item gallery-item-position-2 gallery-item-attachment-633'>\n\t\t\t\t<div class='gallery-icon landscape'>\n\t\t\t\t\t<a href='https:\/\/mbniewiadom.pl\/wp-content\/uploads\/2016\/07\/7.jpg' title='7' target='_self'><img loading=\"lazy\" decoding=\"async\" width=\"150\" height=\"150\" src=\"https:\/\/mbniewiadom.pl\/wp-content\/uploads\/2016\/07\/7-150x150.jpg\" class=\"attachment-thumbnail size-thumbnail\" alt=\"\" srcset=\"https:\/\/mbniewiadom.pl\/wp-content\/uploads\/2016\/07\/7-150x150.jpg 150w, https:\/\/mbniewiadom.pl\/wp-content\/uploads\/2016\/07\/7-48x48.jpg 48w, https:\/\/mbniewiadom.pl\/wp-content\/uploads\/2016\/07\/7-300x300.jpg 300w\" sizes=\"(max-width: 150px) 100vw, 150px\" \/><\/a>\n\t\t\t\t<\/div><\/div><div class='gallery-item gallery-item-position-3 gallery-item-attachment-636'>\n\t\t\t\t<div class='gallery-icon landscape'>\n\t\t\t\t\t<a href='https:\/\/mbniewiadom.pl\/wp-content\/uploads\/2016\/07\/m_news_66.jpg' title='m_news_66' target='_self'><img loading=\"lazy\" decoding=\"async\" width=\"150\" height=\"150\" src=\"https:\/\/mbniewiadom.pl\/wp-content\/uploads\/2016\/07\/m_news_66.jpg\" class=\"attachment-thumbnail size-thumbnail\" alt=\"\" srcset=\"https:\/\/mbniewiadom.pl\/wp-content\/uploads\/2016\/07\/m_news_66.jpg 150w, https:\/\/mbniewiadom.pl\/wp-content\/uploads\/2016\/07\/m_news_66-48x48.jpg 48w\" sizes=\"(max-width: 150px) 100vw, 150px\" \/><\/a>\n\t\t\t\t<\/div><\/div><div class='gallery-item gallery-item-position-4 gallery-item-attachment-639'>\n\t\t\t\t<div class='gallery-icon landscape'>\n\t\t\t\t\t<a href='https:\/\/mbniewiadom.pl\/wp-content\/uploads\/2016\/07\/18.jpg' title='18' target='_self'><img loading=\"lazy\" decoding=\"async\" width=\"150\" height=\"150\" src=\"https:\/\/mbniewiadom.pl\/wp-content\/uploads\/2016\/07\/18-150x150.jpg\" class=\"attachment-thumbnail size-thumbnail\" alt=\"\" srcset=\"https:\/\/mbniewiadom.pl\/wp-content\/uploads\/2016\/07\/18-150x150.jpg 150w, https:\/\/mbniewiadom.pl\/wp-content\/uploads\/2016\/07\/18-48x48.jpg 48w, https:\/\/mbniewiadom.pl\/wp-content\/uploads\/2016\/07\/18-300x300.jpg 300w\" sizes=\"(max-width: 150px) 100vw, 150px\" \/><\/a>\n\t\t\t\t<\/div><\/div><div class='gallery-item gallery-item-position-5 gallery-item-attachment-641'>\n\t\t\t\t<div class='gallery-icon portrait'>\n\t\t\t\t\t<a href='https:\/\/mbniewiadom.pl\/wp-content\/uploads\/2016\/07\/04.jpg' title='04' target='_self'><img loading=\"lazy\" decoding=\"async\" width=\"150\" height=\"150\" src=\"https:\/\/mbniewiadom.pl\/wp-content\/uploads\/2016\/07\/04-150x150.jpg\" class=\"attachment-thumbnail size-thumbnail\" alt=\"\" srcset=\"https:\/\/mbniewiadom.pl\/wp-content\/uploads\/2016\/07\/04-150x150.jpg 150w, https:\/\/mbniewiadom.pl\/wp-content\/uploads\/2016\/07\/04-48x48.jpg 48w, https:\/\/mbniewiadom.pl\/wp-content\/uploads\/2016\/07\/04-300x300.jpg 300w\" sizes=\"(max-width: 150px) 100vw, 150px\" \/><\/a>\n\t\t\t\t<\/div><\/div><div class='gallery-item gallery-item-position-6 gallery-item-attachment-643'>\n\t\t\t\t<div class='gallery-icon landscape'>\n\t\t\t\t\t<a href='https:\/\/mbniewiadom.pl\/wp-content\/uploads\/2016\/07\/01-1.jpg' title='01 (1)' target='_self'><img loading=\"lazy\" decoding=\"async\" width=\"150\" height=\"150\" src=\"https:\/\/mbniewiadom.pl\/wp-content\/uploads\/2016\/07\/01-1-150x150.jpg\" class=\"attachment-thumbnail size-thumbnail\" alt=\"\" srcset=\"https:\/\/mbniewiadom.pl\/wp-content\/uploads\/2016\/07\/01-1-150x150.jpg 150w, https:\/\/mbniewiadom.pl\/wp-content\/uploads\/2016\/07\/01-1-48x48.jpg 48w\" sizes=\"(max-width: 150px) 100vw, 150px\" \/><\/a>\n\t\t\t\t<\/div><\/div><div class='gallery-item gallery-item-position-7 gallery-item-attachment-644'>\n\t\t\t\t<div class='gallery-icon landscape'>\n\t\t\t\t\t<a href='https:\/\/mbniewiadom.pl\/wp-content\/uploads\/2016\/07\/4.jpg' title='4' target='_self'><img loading=\"lazy\" decoding=\"async\" width=\"150\" height=\"150\" src=\"https:\/\/mbniewiadom.pl\/wp-content\/uploads\/2016\/07\/4-150x150.jpg\" class=\"attachment-thumbnail size-thumbnail\" alt=\"\" srcset=\"https:\/\/mbniewiadom.pl\/wp-content\/uploads\/2016\/07\/4-150x150.jpg 150w, https:\/\/mbniewiadom.pl\/wp-content\/uploads\/2016\/07\/4-48x48.jpg 48w, https:\/\/mbniewiadom.pl\/wp-content\/uploads\/2016\/07\/4-300x300.jpg 300w\" sizes=\"(max-width: 150px) 100vw, 150px\" \/><\/a>\n\t\t\t\t<\/div><\/div><div class='gallery-item gallery-item-position-8 gallery-item-attachment-645'>\n\t\t\t\t<div class='gallery-icon portrait'>\n\t\t\t\t\t<a href='https:\/\/mbniewiadom.pl\/wp-content\/uploads\/2016\/07\/5.jpg' title='5' target='_self'><img loading=\"lazy\" decoding=\"async\" width=\"150\" height=\"150\" src=\"https:\/\/mbniewiadom.pl\/wp-content\/uploads\/2016\/07\/5-150x150.jpg\" class=\"attachment-thumbnail size-thumbnail\" alt=\"\" srcset=\"https:\/\/mbniewiadom.pl\/wp-content\/uploads\/2016\/07\/5-150x150.jpg 150w, https:\/\/mbniewiadom.pl\/wp-content\/uploads\/2016\/07\/5-48x48.jpg 48w, https:\/\/mbniewiadom.pl\/wp-content\/uploads\/2016\/07\/5-300x300.jpg 300w\" sizes=\"(max-width: 150px) 100vw, 150px\" \/><\/a>\n\t\t\t\t<\/div><\/div><div class='gallery-item gallery-item-position-9 gallery-item-attachment-646'>\n\t\t\t\t<div class='gallery-icon portrait'>\n\t\t\t\t\t<a href='https:\/\/mbniewiadom.pl\/wp-content\/uploads\/2016\/07\/6.jpg' title='6' target='_self'><img loading=\"lazy\" decoding=\"async\" width=\"150\" height=\"150\" src=\"https:\/\/mbniewiadom.pl\/wp-content\/uploads\/2016\/07\/6-150x150.jpg\" class=\"attachment-thumbnail size-thumbnail\" alt=\"\" srcset=\"https:\/\/mbniewiadom.pl\/wp-content\/uploads\/2016\/07\/6-150x150.jpg 150w, https:\/\/mbniewiadom.pl\/wp-content\/uploads\/2016\/07\/6-48x48.jpg 48w, https:\/\/mbniewiadom.pl\/wp-content\/uploads\/2016\/07\/6-300x300.jpg 300w\" sizes=\"(max-width: 150px) 100vw, 150px\" \/><\/a>\n\t\t\t\t<\/div><\/div><div class='gallery-item gallery-item-position-10 gallery-item-attachment-647'>\n\t\t\t\t<div class='gallery-icon landscape'>\n\t\t\t\t\t<a href='https:\/\/mbniewiadom.pl\/wp-content\/uploads\/2016\/07\/7-1.jpg' title='7' target='_self'><img loading=\"lazy\" decoding=\"async\" width=\"150\" height=\"150\" src=\"https:\/\/mbniewiadom.pl\/wp-content\/uploads\/2016\/07\/7-1-150x150.jpg\" class=\"attachment-thumbnail size-thumbnail\" alt=\"\" srcset=\"https:\/\/mbniewiadom.pl\/wp-content\/uploads\/2016\/07\/7-1-150x150.jpg 150w, https:\/\/mbniewiadom.pl\/wp-content\/uploads\/2016\/07\/7-1-48x48.jpg 48w, https:\/\/mbniewiadom.pl\/wp-content\/uploads\/2016\/07\/7-1-300x300.jpg 300w\" sizes=\"(max-width: 150px) 100vw, 150px\" \/><\/a>\n\t\t\t\t<\/div><\/div><div class='gallery-item gallery-item-position-11 gallery-item-attachment-648'>\n\t\t\t\t<div class='gallery-icon portrait'>\n\t\t\t\t\t<a href='https:\/\/mbniewiadom.pl\/wp-content\/uploads\/2016\/07\/8.jpg' title='8' target='_self'><img loading=\"lazy\" decoding=\"async\" width=\"150\" height=\"150\" src=\"https:\/\/mbniewiadom.pl\/wp-content\/uploads\/2016\/07\/8-150x150.jpg\" class=\"attachment-thumbnail size-thumbnail\" alt=\"\" srcset=\"https:\/\/mbniewiadom.pl\/wp-content\/uploads\/2016\/07\/8-150x150.jpg 150w, https:\/\/mbniewiadom.pl\/wp-content\/uploads\/2016\/07\/8-48x48.jpg 48w, https:\/\/mbniewiadom.pl\/wp-content\/uploads\/2016\/07\/8-300x300.jpg 300w\" sizes=\"(max-width: 150px) 100vw, 150px\" \/><\/a>\n\t\t\t\t<\/div><\/div><div class='gallery-item gallery-item-position-12 gallery-item-attachment-649'>\n\t\t\t\t<div class='gallery-icon portrait'>\n\t\t\t\t\t<a href='https:\/\/mbniewiadom.pl\/wp-content\/uploads\/2016\/07\/9.jpg' title='9' target='_self'><img loading=\"lazy\" decoding=\"async\" width=\"150\" height=\"150\" src=\"https:\/\/mbniewiadom.pl\/wp-content\/uploads\/2016\/07\/9-150x150.jpg\" class=\"attachment-thumbnail size-thumbnail\" alt=\"\" srcset=\"https:\/\/mbniewiadom.pl\/wp-content\/uploads\/2016\/07\/9-150x150.jpg 150w, https:\/\/mbniewiadom.pl\/wp-content\/uploads\/2016\/07\/9-48x48.jpg 48w, https:\/\/mbniewiadom.pl\/wp-content\/uploads\/2016\/07\/9-300x300.jpg 300w\" sizes=\"(max-width: 150px) 100vw, 150px\" \/><\/a>\n\t\t\t\t<\/div><\/div><div class='gallery-item gallery-item-position-13 gallery-item-attachment-650'>\n\t\t\t\t<div class='gallery-icon landscape'>\n\t\t\t\t\t<a href='https:\/\/mbniewiadom.pl\/wp-content\/uploads\/2016\/07\/10-1.jpg' title='10' target='_self'><img loading=\"lazy\" decoding=\"async\" width=\"150\" height=\"150\" src=\"https:\/\/mbniewiadom.pl\/wp-content\/uploads\/2016\/07\/10-1-150x150.jpg\" class=\"attachment-thumbnail size-thumbnail\" alt=\"\" srcset=\"https:\/\/mbniewiadom.pl\/wp-content\/uploads\/2016\/07\/10-1-150x150.jpg 150w, https:\/\/mbniewiadom.pl\/wp-content\/uploads\/2016\/07\/10-1-48x48.jpg 48w, https:\/\/mbniewiadom.pl\/wp-content\/uploads\/2016\/07\/10-1-300x300.jpg 300w\" sizes=\"(max-width: 150px) 100vw, 150px\" \/><\/a>\n\t\t\t\t<\/div><\/div><div class='gallery-item gallery-item-position-14 gallery-item-attachment-651'>\n\t\t\t\t<div class='gallery-icon landscape'>\n\t\t\t\t\t<a href='https:\/\/mbniewiadom.pl\/wp-content\/uploads\/2016\/07\/11.jpg' title='11' target='_self'><img loading=\"lazy\" decoding=\"async\" width=\"150\" height=\"150\" src=\"https:\/\/mbniewiadom.pl\/wp-content\/uploads\/2016\/07\/11-150x150.jpg\" class=\"attachment-thumbnail size-thumbnail\" alt=\"\" srcset=\"https:\/\/mbniewiadom.pl\/wp-content\/uploads\/2016\/07\/11-150x150.jpg 150w, https:\/\/mbniewiadom.pl\/wp-content\/uploads\/2016\/07\/11-48x48.jpg 48w, https:\/\/mbniewiadom.pl\/wp-content\/uploads\/2016\/07\/11-300x300.jpg 300w\" sizes=\"(max-width: 150px) 100vw, 150px\" \/><\/a>\n\t\t\t\t<\/div><\/div><div class='gallery-item gallery-item-position-15 gallery-item-attachment-652'>\n\t\t\t\t<div class='gallery-icon landscape'>\n\t\t\t\t\t<a href='https:\/\/mbniewiadom.pl\/wp-content\/uploads\/2016\/07\/12.jpg' title='12' target='_self'><img loading=\"lazy\" decoding=\"async\" width=\"150\" height=\"150\" src=\"https:\/\/mbniewiadom.pl\/wp-content\/uploads\/2016\/07\/12-150x150.jpg\" class=\"attachment-thumbnail size-thumbnail\" alt=\"\" srcset=\"https:\/\/mbniewiadom.pl\/wp-content\/uploads\/2016\/07\/12-150x150.jpg 150w, https:\/\/mbniewiadom.pl\/wp-content\/uploads\/2016\/07\/12-48x48.jpg 48w, https:\/\/mbniewiadom.pl\/wp-content\/uploads\/2016\/07\/12-300x300.jpg 300w\" sizes=\"(max-width: 150px) 100vw, 150px\" \/><\/a>\n\t\t\t\t<\/div><\/div><div class='gallery-item gallery-item-position-16 gallery-item-attachment-653'>\n\t\t\t\t<div class='gallery-icon landscape'>\n\t\t\t\t\t<a href='https:\/\/mbniewiadom.pl\/wp-content\/uploads\/2016\/07\/13-1.jpg' title='13 (1)' target='_self'><img loading=\"lazy\" decoding=\"async\" width=\"150\" height=\"150\" src=\"https:\/\/mbniewiadom.pl\/wp-content\/uploads\/2016\/07\/13-1-150x150.jpg\" class=\"attachment-thumbnail size-thumbnail\" alt=\"\" srcset=\"https:\/\/mbniewiadom.pl\/wp-content\/uploads\/2016\/07\/13-1-150x150.jpg 150w, https:\/\/mbniewiadom.pl\/wp-content\/uploads\/2016\/07\/13-1-48x48.jpg 48w, https:\/\/mbniewiadom.pl\/wp-content\/uploads\/2016\/07\/13-1-300x300.jpg 300w\" sizes=\"(max-width: 150px) 100vw, 150px\" \/><\/a>\n\t\t\t\t<\/div><\/div><div class='gallery-item gallery-item-position-17 gallery-item-attachment-654'>\n\t\t\t\t<div class='gallery-icon landscape'>\n\t\t\t\t\t<a href='https:\/\/mbniewiadom.pl\/wp-content\/uploads\/2016\/07\/13.jpg' title='13' target='_self'><img loading=\"lazy\" decoding=\"async\" width=\"150\" height=\"150\" src=\"https:\/\/mbniewiadom.pl\/wp-content\/uploads\/2016\/07\/13-150x150.jpg\" class=\"attachment-thumbnail size-thumbnail\" alt=\"\" srcset=\"https:\/\/mbniewiadom.pl\/wp-content\/uploads\/2016\/07\/13-150x150.jpg 150w, https:\/\/mbniewiadom.pl\/wp-content\/uploads\/2016\/07\/13-48x48.jpg 48w, https:\/\/mbniewiadom.pl\/wp-content\/uploads\/2016\/07\/13-300x300.jpg 300w\" sizes=\"(max-width: 150px) 100vw, 150px\" \/><\/a>\n\t\t\t\t<\/div><\/div><div class='gallery-item gallery-item-position-18 gallery-item-attachment-655'>\n\t\t\t\t<div class='gallery-icon landscape'>\n\t\t\t\t\t<a href='https:\/\/mbniewiadom.pl\/wp-content\/uploads\/2016\/07\/14-2.jpg' title='14 (2)' target='_self'><img loading=\"lazy\" decoding=\"async\" width=\"150\" height=\"150\" src=\"https:\/\/mbniewiadom.pl\/wp-content\/uploads\/2016\/07\/14-2-150x150.jpg\" class=\"attachment-thumbnail size-thumbnail\" alt=\"\" srcset=\"https:\/\/mbniewiadom.pl\/wp-content\/uploads\/2016\/07\/14-2-150x150.jpg 150w, https:\/\/mbniewiadom.pl\/wp-content\/uploads\/2016\/07\/14-2-48x48.jpg 48w, https:\/\/mbniewiadom.pl\/wp-content\/uploads\/2016\/07\/14-2-300x300.jpg 300w\" sizes=\"(max-width: 150px) 100vw, 150px\" \/><\/a>\n\t\t\t\t<\/div><\/div><div class='gallery-item gallery-item-position-19 gallery-item-attachment-656'>\n\t\t\t\t<div class='gallery-icon landscape'>\n\t\t\t\t\t<a href='https:\/\/mbniewiadom.pl\/wp-content\/uploads\/2016\/07\/14.jpg' title='14' target='_self'><img loading=\"lazy\" decoding=\"async\" width=\"150\" height=\"150\" src=\"https:\/\/mbniewiadom.pl\/wp-content\/uploads\/2016\/07\/14-150x150.jpg\" class=\"attachment-thumbnail size-thumbnail\" alt=\"\" srcset=\"https:\/\/mbniewiadom.pl\/wp-content\/uploads\/2016\/07\/14-150x150.jpg 150w, https:\/\/mbniewiadom.pl\/wp-content\/uploads\/2016\/07\/14-48x48.jpg 48w, https:\/\/mbniewiadom.pl\/wp-content\/uploads\/2016\/07\/14-300x300.jpg 300w\" sizes=\"(max-width: 150px) 100vw, 150px\" \/><\/a>\n\t\t\t\t<\/div><\/div><div class='gallery-item gallery-item-position-20 gallery-item-attachment-657'>\n\t\t\t\t<div class='gallery-icon portrait'>\n\t\t\t\t\t<a href='https:\/\/mbniewiadom.pl\/wp-content\/uploads\/2016\/07\/15.jpg' title='15' target='_self'><img loading=\"lazy\" decoding=\"async\" width=\"150\" height=\"150\" src=\"https:\/\/mbniewiadom.pl\/wp-content\/uploads\/2016\/07\/15-150x150.jpg\" class=\"attachment-thumbnail size-thumbnail\" alt=\"\" srcset=\"https:\/\/mbniewiadom.pl\/wp-content\/uploads\/2016\/07\/15-150x150.jpg 150w, https:\/\/mbniewiadom.pl\/wp-content\/uploads\/2016\/07\/15-48x48.jpg 48w, https:\/\/mbniewiadom.pl\/wp-content\/uploads\/2016\/07\/15-300x300.jpg 300w\" sizes=\"(max-width: 150px) 100vw, 150px\" \/><\/a>\n\t\t\t\t<\/div><\/div><div class='gallery-item gallery-item-position-21 gallery-item-attachment-723'>\n\t\t\t\t<div class='gallery-icon landscape'>\n\t\t\t\t\t<a href='https:\/\/mbniewiadom.pl\/wp-content\/uploads\/2016\/07\/IMG_1364.jpg' title='IMG_1364' target='_self'><img loading=\"lazy\" decoding=\"async\" width=\"150\" height=\"150\" src=\"https:\/\/mbniewiadom.pl\/wp-content\/uploads\/2016\/07\/IMG_1364-150x150.jpg\" class=\"attachment-thumbnail size-thumbnail\" alt=\"\" srcset=\"https:\/\/mbniewiadom.pl\/wp-content\/uploads\/2016\/07\/IMG_1364-150x150.jpg 150w, https:\/\/mbniewiadom.pl\/wp-content\/uploads\/2016\/07\/IMG_1364-48x48.jpg 48w, https:\/\/mbniewiadom.pl\/wp-content\/uploads\/2016\/07\/IMG_1364-300x300.jpg 300w\" sizes=\"(max-width: 150px) 100vw, 150px\" \/><\/a>\n\t\t\t\t<\/div><\/div><\/div>\n<\/div>\n","protected":false},"excerpt":{"rendered":"<p>&nbsp; Historia naszej parafii rozpocz\u0119\u0142a si\u0119 w roku 1981, kiedy paradoksalnie nikt jeszcze nie planowa\u0142 jej powstania. Jak to si\u0119 zatem sta\u0142o, \u017ce w naszej cz\u0119\u015bci Niewiadomia utworzona zosta\u0142a parafia? &nbsp; &nbsp; &nbsp;<\/p>\n","protected":false},"author":2,"featured_media":0,"comment_status":"closed","ping_status":"open","sticky":false,"template":"","format":"standard","meta":{"footnotes":""},"categories":[8],"tags":[],"_links":{"self":[{"href":"https:\/\/mbniewiadom.pl\/index.php?rest_route=\/wp\/v2\/posts\/626"}],"collection":[{"href":"https:\/\/mbniewiadom.pl\/index.php?rest_route=\/wp\/v2\/posts"}],"about":[{"href":"https:\/\/mbniewiadom.pl\/index.php?rest_route=\/wp\/v2\/types\/post"}],"author":[{"embeddable":true,"href":"https:\/\/mbniewiadom.pl\/index.php?rest_route=\/wp\/v2\/users\/2"}],"replies":[{"embeddable":true,"href":"https:\/\/mbniewiadom.pl\/index.php?rest_route=%2Fwp%2Fv2%2Fcomments&post=626"}],"version-history":[{"count":15,"href":"https:\/\/mbniewiadom.pl\/index.php?rest_route=\/wp\/v2\/posts\/626\/revisions"}],"predecessor-version":[{"id":726,"href":"https:\/\/mbniewiadom.pl\/index.php?rest_route=\/wp\/v2\/posts\/626\/revisions\/726"}],"wp:attachment":[{"href":"https:\/\/mbniewiadom.pl\/index.php?rest_route=%2Fwp%2Fv2%2Fmedia&parent=626"}],"wp:term":[{"taxonomy":"category","embeddable":true,"href":"https:\/\/mbniewiadom.pl\/index.php?rest_route=%2Fwp%2Fv2%2Fcategories&post=626"},{"taxonomy":"post_tag","embeddable":true,"href":"https:\/\/mbniewiadom.pl\/index.php?rest_route=%2Fwp%2Fv2%2Ftags&post=626"}],"curies":[{"name":"wp","href":"https:\/\/api.w.org\/{rel}","templated":true}]}}