{"id":2879,"date":"2020-05-31T12:22:15","date_gmt":"2020-05-31T12:22:15","guid":{"rendered":"http:\/\/mbniewiadom.pl\/?p=2879"},"modified":"2020-05-31T12:22:15","modified_gmt":"2020-05-31T12:22:15","slug":"zarzadzenie-arcybiskupa-katowickiego-odnosnie-do-sprawowania-poslugi-duszpasterskiej-i-liturgicznej-z-dnia-28-maja-2020-r","status":"publish","type":"post","link":"https:\/\/mbniewiadom.pl\/?p=2879","title":{"rendered":"ZARZ\u0104DZENIE ARCYBISKUPA KATOWICKIEGO ODNO\u015aNIE DO SPRAWOWANIA POS\u0141UGI DUSZPASTERSKIEJ I LITURGICZNEJ Z DNIA 28 MAJA 2020 R."},"content":{"rendered":"<p><strong>Wst\u0119p<\/strong><\/p>\n<p>W zwi\u0105zku z sytuacj\u0105 epidemiologiczn\u0105 dotychczasowe akty prawne metropolity katowickiego obowi\u0105zuj\u0105 nadal w takim zakresie, jaki okre\u015blaj\u0105 najnowsze rozporz\u0105dzenia w\u0142adzy cywilnej, ze szczeg\u00f3lnym uwzgl\u0119dnieniem wskaza\u0144 zaktualizowanych w niniejszym zarz\u0105dzeniu.<\/p>\n<p><!--more--><\/p>\n<p><strong>Odwo\u0142anie dyspensy<\/strong><\/p>\n<p>Z dniem 6 czerwca br. odwo\u0142ana zostaje og\u00f3lna dyspensa od obowi\u0105zku uczestnictwa w niedzielnej Mszy \u015bw. Zgodnie z przepisami prawa ko\u015bcielnego \u201ewierni s\u0105 zobowi\u0105zani do uczestnictwa w Eucharystii w niedziel\u0119 i dni nakazane, chyba, \u017ce s\u0105 usprawiedliwieni dla wa\u017cnego powodu, np. choroba, piel\u0119gnacja niemowl\u0105t (por. KKK 2180, 2181, 2182.).<\/p>\n<p>W obecnej sytuacji utrzymuje si\u0119 dyspens\u0119 dla os\u00f3b w podesz\u0142ym wieku, os\u00f3b z objawami infekcji oraz tych, kt\u00f3rzy czuj\u0105 obaw\u0119 przed zara\u017ceniem. Wiernych, kt\u00f3rzy z uzasadnionej racji nie mog\u0105 uczestniczy\u0107 w niedzielnej Eucharystii, zach\u0119cam do duchowej \u0142\u0105czno\u015bci ze wsp\u00f3lnot\u0105 Ko\u015bcio\u0142a, korzystania z transmisji telewizyjnych, radiowych b\u0105d\u017a internetowych oraz do stosowania praktyki Komunii \u015bw. duchowej.<\/p>\n<p><strong>Sprawowanie Eucharystii i innych nabo\u017ce\u0144stw w ko\u015bciele<\/strong><\/p>\n<p>Podczas sprawowania Eucharystii i innych nabo\u017ce\u0144stw, kt\u00f3re zostaj\u0105 przywr\u00f3cone zgodnie z kalendarzem liturgicznym i parafialn\u0105 tradycj\u0105, nale\u017cy z najwy\u017csz\u0105 trosk\u0105 zachowa\u0107 wszystkie zasady dotycz\u0105ce bezpiecze\u0144stwa, stosownego dystansu os\u00f3b, zas\u0142aniania ust i nosa (z wyj\u0105tkiem celebransa) oraz dezynfekcji powierzchni.<\/p>\n<p>Za zgod\u0105 rodzic\u00f3w i z zachowaniem wszystkich rygor\u00f3w sanitarnych przywraca si\u0119 pos\u0142ug\u0119 s\u0142u\u017cby liturgicznej, w tym ministrant\u00f3w, lektor\u00f3w, kantor\u00f3w oraz scholi, a tak\u017ce udzielanie Komunii \u015bw. w ko\u015bciele przez nadzwyczajnych szafarzy.<\/p>\n<p>Nadal zalecam wiernym przyjmowanie Komunii \u015bw. na r\u0119k\u0119, a celebransom t\u0119 form\u0119 jej udzielania.<\/p>\n<p><strong>Sprawowanie sakramentu pokuty i pojednania<\/strong><\/p>\n<p>W \u015blad za zarz\u0105dzeniem z dnia 16 maja br. zach\u0119cam wiernych do korzystania z sakramentu pokuty i pojednania, zw\u0142aszcza w okresie wielkanocnym, kt\u00f3ry trwa do niedzieli Tr\u00f3jcy Przenaj\u015bwi\u0119tszej (7 czerwca), i do pe\u0142nego uczestnictwa we Mszy \u015bw. tzn. z przyj\u0119ciem Komunii \u015bw.<\/p>\n<p><strong>Duszpasterstwo<\/strong><\/p>\n<p>Przywracamy w parafiach odwiedziny chorych z pos\u0142ug\u0105 sakramentaln\u0105 z zastosowaniem wszystkich aktualnie obowi\u0105zuj\u0105cych zasad sanitarnych. Zaleca si\u0119 roz\u0142o\u017cenie tej pos\u0142ugi w czasie, aby nie kumulowa\u0107 odwiedzin w jednym dniu.<\/p>\n<p>Udzielanie sakramentu bierzmowania w parafiach nale\u017cy organizowa\u0107 za po\u015brednictwem Wydzia\u0142u Duszpasterstwa Kurii Metropolitalnej, a nast\u0119pnie szczeg\u00f3\u0142y uzgadnia\u0107 z biskupem \u2013 szafarzem sakramentu.<\/p>\n<p>W nawi\u0105zaniu do pkt. 5 zarz\u0105dzenia z dnia 4 maja br. polecam proboszczom zorganizowanie uroczysto\u015bci wczesnej i pierwszej Komunii \u015bw. w \u015bcis\u0142ej wsp\u00f3\u0142pracy z rodzicami i katechetami, z zachowaniem obowi\u0105zuj\u0105cych zasad sanitarnych i z uwzgl\u0119dnieniem rozporz\u0105dze\u0144 w\u0142adzy cywilnej.<\/p>\n<p>Bior\u0105c pod uwag\u0119 aktualnie obowi\u0105zuj\u0105cy stan prawny, mo\u017cliwe b\u0119dzie zorganizowanie procesji Bo\u017cego Cia\u0142a. Zaleca si\u0119 jej organizacj\u0119 wok\u00f3\u0142 ko\u015bcio\u0142a z czterema b\u0142ogos\u0142awie\u0144stwami bez konieczno\u015bci budowy osobnych o\u0142tarzy. Nale\u017cy przy tym zastosowa\u0107 najnowsz\u0105 norm\u0119 s\u0142u\u017cb medycznych, wed\u0142ug kt\u00f3rej w zgromadzeniach poza budynkami kultu mo\u017ce uczestniczy\u0107 do 150 os\u00f3b, a tak\u017ce stosowne zalecenia sanitarne. Zalecam tak\u017ce wystawienie Naj\u015bwi\u0119tszego Sakramentu do adoracji wiernych po ostatniej Mszy \u015bw. przedpo\u0142udniowej do Mszy \u015bw. wieczornej.<\/p>\n<p>Przywracamy duszpasterstwo dzieci i m\u0142odzie\u017cy, w tym prac\u0119 formacyjn\u0105 s\u0142u\u017cby liturgicznej, Dzieci Maryi, ERM, Ruchu \u015awiat\u0142o-\u017bycie, a tak\u017ce innych grup parafialnych. W porozumieniu ze szko\u0142\u0105, rodzicami oraz katechetami mo\u017cna planowa\u0107 Msze \u015bw. szkolne, zw\u0142aszcza na zako\u0144czenie roku szkolnego.<\/p>\n<p><strong>Duchowie\u0144stwo<\/strong><\/p>\n<p>Przywracamy dekanalne spotkania formacyjne w II czwartek ka\u017cdego miesi\u0105ca. Zachowuj\u0105c zasad\u0119 rezydencji, duchowni mog\u0105 korzysta\u0107 z przys\u0142uguj\u0105cego im dnia wolnego.<\/p>\n<p><strong>Niniejsze zarz\u0105dzenie obowi\u0105zuje od dnia 30 maja 2020 r. (z wyj\u0105tkiem zniesienia dyspensy). Nale\u017cy je umie\u015bci\u0107 w gablotce i na g\u0142\u00f3wnej stronie internetowej parafii oraz przekaza\u0107 i wyja\u015bni\u0107 wiernym w og\u0142oszeniach parafialnych.<\/strong><\/p>\n","protected":false},"excerpt":{"rendered":"<p>Wst\u0119p W zwi\u0105zku z sytuacj\u0105 epidemiologiczn\u0105 dotychczasowe akty prawne metropolity katowickiego obowi\u0105zuj\u0105 nadal w takim zakresie, jaki okre\u015blaj\u0105 najnowsze rozporz\u0105dzenia w\u0142adzy cywilnej, ze szczeg\u00f3lnym uwzgl\u0119dnieniem wskaza\u0144 zaktualizowanych w niniejszym zarz\u0105dzeniu.<\/p>\n","protected":false},"author":2,"featured_media":0,"comment_status":"closed","ping_status":"open","sticky":false,"template":"","format":"standard","meta":{"footnotes":""},"categories":[2],"tags":[],"_links":{"self":[{"href":"https:\/\/mbniewiadom.pl\/index.php?rest_route=\/wp\/v2\/posts\/2879"}],"collection":[{"href":"https:\/\/mbniewiadom.pl\/index.php?rest_route=\/wp\/v2\/posts"}],"about":[{"href":"https:\/\/mbniewiadom.pl\/index.php?rest_route=\/wp\/v2\/types\/post"}],"author":[{"embeddable":true,"href":"https:\/\/mbniewiadom.pl\/index.php?rest_route=\/wp\/v2\/users\/2"}],"replies":[{"embeddable":true,"href":"https:\/\/mbniewiadom.pl\/index.php?rest_route=%2Fwp%2Fv2%2Fcomments&post=2879"}],"version-history":[{"count":1,"href":"https:\/\/mbniewiadom.pl\/index.php?rest_route=\/wp\/v2\/posts\/2879\/revisions"}],"predecessor-version":[{"id":2880,"href":"https:\/\/mbniewiadom.pl\/index.php?rest_route=\/wp\/v2\/posts\/2879\/revisions\/2880"}],"wp:attachment":[{"href":"https:\/\/mbniewiadom.pl\/index.php?rest_route=%2Fwp%2Fv2%2Fmedia&parent=2879"}],"wp:term":[{"taxonomy":"category","embeddable":true,"href":"https:\/\/mbniewiadom.pl\/index.php?rest_route=%2Fwp%2Fv2%2Fcategories&post=2879"},{"taxonomy":"post_tag","embeddable":true,"href":"https:\/\/mbniewiadom.pl\/index.php?rest_route=%2Fwp%2Fv2%2Ftags&post=2879"}],"curies":[{"name":"wp","href":"https:\/\/api.w.org\/{rel}","templated":true}]}}